{"id":5681,"date":"2026-03-05T11:53:35","date_gmt":"2026-03-05T11:53:35","guid":{"rendered":"https:\/\/berg-meisterschaft.de\/?p=5681"},"modified":"2026-03-05T11:56:41","modified_gmt":"2026-03-05T11:56:41","slug":"simone-faggioli-folgt-kehrt-zum-pikes-peak-zurueck","status":"publish","type":"post","link":"https:\/\/berg-meisterschaft.de\/?p=5681","title":{"rendered":"Simone Faggioli kehrt zum Pikes Peak zur\u00fcck"},"content":{"rendered":"\t\t<div data-elementor-type=\"wp-post\" data-elementor-id=\"5681\" class=\"elementor elementor-5681\">\n\t\t\t\t<div class=\"elementor-element elementor-element-1991a886 e-con-full e-flex e-con e-parent\" data-id=\"1991a886\" data-element_type=\"container\" data-settings=\"{&quot;content_width&quot;:&quot;full&quot;,&quot;background_background&quot;:&quot;classic&quot;,&quot;container_type&quot;:&quot;flex&quot;}\" data-e-bg-lazyload=\"\" data-core-v316-plus=\"true\">\n\t\t\t\t<div class=\"elementor-element elementor-element-669b1b5b elementor-widget elementor-widget-heading\" data-id=\"669b1b5b\" data-element_type=\"widget\" data-widget_type=\"heading.default\">\n\t\t\t\t<div class=\"elementor-widget-container\">\n\t\t\t<style>\/*! elementor - v3.19.0 - 24-01-2024 *\/\n.elementor-heading-title{padding:0;margin:0;line-height:1}.elementor-widget-heading .elementor-heading-title[class*=elementor-size-]>a{color:inherit;font-size:inherit;line-height:inherit}.elementor-widget-heading .elementor-heading-title.elementor-size-small{font-size:15px}.elementor-widget-heading .elementor-heading-title.elementor-size-medium{font-size:19px}.elementor-widget-heading .elementor-heading-title.elementor-size-large{font-size:29px}.elementor-widget-heading .elementor-heading-title.elementor-size-xl{font-size:39px}.elementor-widget-heading .elementor-heading-title.elementor-size-xxl{font-size:59px}<\/style><h2 class=\"elementor-heading-title elementor-size-default\">Simone Faggioli kehrt zum Pikes Peak zur\u00fcck<\/h2>\t\t<\/div>\n\t\t\t\t<\/div>\n\t\t\t\t<\/div>\n\t\t<div class=\"elementor-element elementor-element-5728e773 e-flex e-con-boxed e-con e-parent\" data-id=\"5728e773\" data-element_type=\"container\" data-settings=\"{&quot;container_type&quot;:&quot;flex&quot;,&quot;content_width&quot;:&quot;boxed&quot;}\" data-core-v316-plus=\"true\">\n\t\t\t\t\t<div class=\"e-con-inner\">\n\t\t<div class=\"elementor-element elementor-element-6a0c89ee e-flex e-con-boxed e-con e-child\" data-id=\"6a0c89ee\" data-element_type=\"container\" data-settings=\"{&quot;container_type&quot;:&quot;flex&quot;,&quot;content_width&quot;:&quot;boxed&quot;}\">\n\t\t\t\t\t<div class=\"e-con-inner\">\n\t\t\t\t<div class=\"elementor-element elementor-element-5b484d24 elementor-widget elementor-widget-text-editor\" data-id=\"5b484d24\" data-element_type=\"widget\" data-widget_type=\"text-editor.default\">\n\t\t\t\t<div class=\"elementor-widget-container\">\n\t\t\t<style>\/*! elementor - v3.19.0 - 24-01-2024 *\/\n.elementor-widget-text-editor.elementor-drop-cap-view-stacked .elementor-drop-cap{background-color:#69727d;color:#fff}.elementor-widget-text-editor.elementor-drop-cap-view-framed .elementor-drop-cap{color:#69727d;border:3px solid;background-color:transparent}.elementor-widget-text-editor:not(.elementor-drop-cap-view-default) .elementor-drop-cap{margin-top:8px}.elementor-widget-text-editor:not(.elementor-drop-cap-view-default) .elementor-drop-cap-letter{width:1em;height:1em}.elementor-widget-text-editor .elementor-drop-cap{float:left;text-align:center;line-height:1;font-size:50px}.elementor-widget-text-editor .elementor-drop-cap-letter{display:inline-block}<\/style>\t\t\t\t<p><strong>FLORENZ (red)<\/strong> Nach monatelanger Vorarbeit gibt Simone Faggioli, der florentinische Champion, seine Teilnahme an der diesj\u00e4hrigen Ausgabe \u00a0des Pikes Peak International Hill Climb, mit dem Nova Proto NP01 ATM Bardahl, bekannt. Diego Degasperi und Franco Caruso sind ebenfalls in Colorado am Start.<br \/><br \/>Somit best\u00e4tigt Faggioli seine erneute Pr\u00e4senz beim Pikes Peak International Hill Climb, dem legend\u00e4ren &#8222;Race to the Clouds&#8220;, das am 21. Juni 2026 stattfinden wird. Eine komplexe und \u00e4u\u00dferst anspruchsvolle Reise, aus logistischer, technischer und sportlicher Sicht, die einen erheblichen Einsatz von Ressourcen und Energie erfordert. Der einzigartige Charme des amerikanischen Berges stellt jedoch weiterhin eine unverzichtbare Herausforderung f\u00fcr das Faggioli Racing Team dar, das mit drei Fahrern starten wird.<br \/><br \/>Angef\u00fchrt wird die Expedition von \u201eBest Lap\u201c \u00fcber den gro\u00dfen Teich, von Faggioli, Sieger der letzten, leider verk\u00fcrzten Ausgabe, der mit neuer Motivation an die H\u00e4nge des Pikes Peak zur\u00fcckkehrt. Er ist bereit, gegen Gegner auf h\u00f6chstem Niveau wie Romain Dumas und Robin Shute anzutreten. Neben ihm folgt Diego Degasperi (Trento), bei seinem zweiten Start, um die Strecke diesmal hoffentlich in ihrer vollst\u00e4ndigen Konfiguration zu meistern, und Franco Caruso (S\u00fcditalien), der damit ein seit Jahren geplantes Sportprojekt verwirklicht. Alle drei Fahrer werden in Nova Proto Autos starten.<br \/><br \/>F\u00fcr Faggioli, den offiziellen Fahrer des franz\u00f6sischen Herstellers, wird der NP01 ATM Bardahl bedeutende technische Weiterentwicklungen erhalten. Die Hauptneuheit betrifft die Einf\u00fchrung eines neuen Twin-Turbo-V8-Motors, der in Zusammenarbeit mit ATM (Autotecnica Motori) entwickelt wurde, um unter den Bedingungen eines so extremen und einzigartigen Rennens seine beste Leistung, der angesichts der internationalen Bedeutung der Veranstaltung Simone Faggioli als Vertreter des ACI Team Italia f\u00fcr diese Veranstaltung benannt hat.<\/p>\t\t\t\t\t\t<\/div>\n\t\t\t\t<\/div>\n\t\t\t\t\t<\/div>\n\t\t\t\t<\/div>\n\t\t<div class=\"elementor-element elementor-element-3a27f915 e-flex e-con-boxed e-con e-child\" data-id=\"3a27f915\" data-element_type=\"container\" data-settings=\"{&quot;container_type&quot;:&quot;flex&quot;,&quot;content_width&quot;:&quot;boxed&quot;}\">\n\t\t\t\t\t<div class=\"e-con-inner\">\n\t\t\t\t<div class=\"elementor-element elementor-element-41bf0e3e elementor-widget elementor-widget-image\" data-id=\"41bf0e3e\" data-element_type=\"widget\" data-widget_type=\"image.default\">\n\t\t\t\t<div class=\"elementor-widget-container\">\n\t\t\t<style>\/*! elementor - v3.19.0 - 24-01-2024 *\/\n.elementor-widget-image{text-align:center}.elementor-widget-image a{display:inline-block}.elementor-widget-image a img[src$=\".svg\"]{width:48px}.elementor-widget-image img{vertical-align:middle;display:inline-block}<\/style>\t\t\t\t\t\t\t\t\t\t<img fetchpriority=\"high\" decoding=\"async\" width=\"1024\" height=\"683\" src=\"https:\/\/berg-meisterschaft.de\/wp-content\/uploads\/2025\/06\/faggioli_nova_2025-1024x683.jpg\" class=\"attachment-large size-large wp-image-4954\" alt=\"\" srcset=\"https:\/\/berg-meisterschaft.de\/wp-content\/uploads\/2025\/06\/faggioli_nova_2025-1024x683.jpg 1024w, https:\/\/berg-meisterschaft.de\/wp-content\/uploads\/2025\/06\/faggioli_nova_2025-300x200.jpg 300w, https:\/\/berg-meisterschaft.de\/wp-content\/uploads\/2025\/06\/faggioli_nova_2025-768x512.jpg 768w, https:\/\/berg-meisterschaft.de\/wp-content\/uploads\/2025\/06\/faggioli_nova_2025.jpg 1050w\" sizes=\"(max-width: 1024px) 100vw, 1024px\" \/>\t\t\t\t\t\t\t\t\t\t\t\t\t<\/div>\n\t\t\t\t<\/div>\n\t\t\t\t\t<\/div>\n\t\t\t\t<\/div>\n\t\t\t\t\t<\/div>\n\t\t\t\t<\/div>\n\t\t<div class=\"elementor-element elementor-element-72121162 e-flex e-con-boxed e-con e-parent\" data-id=\"72121162\" data-element_type=\"container\" data-settings=\"{&quot;container_type&quot;:&quot;flex&quot;,&quot;content_width&quot;:&quot;boxed&quot;}\" data-core-v316-plus=\"true\">\n\t\t\t\t\t<div class=\"e-con-inner\">\n\t\t\t\t<div class=\"elementor-element elementor-element-4fc4749e elementor-widget elementor-widget-image\" data-id=\"4fc4749e\" data-element_type=\"widget\" data-widget_type=\"image.default\">\n\t\t\t\t<div class=\"elementor-widget-container\">\n\t\t\t\t\t\t\t\t\t\t\t\t\t\t<a href=\"http:\/\/www.youtube.com\/@bergrennen_in_deutschland\">\n\t\t\t\t\t\t\t<img decoding=\"async\" width=\"1024\" height=\"332\" src=\"https:\/\/berg-meisterschaft.de\/wp-content\/uploads\/2024\/11\/banner_youtube_BiD_2024-1024x332.jpg\" class=\"attachment-large size-large wp-image-3988\" alt=\"\" srcset=\"https:\/\/berg-meisterschaft.de\/wp-content\/uploads\/2024\/11\/banner_youtube_BiD_2024-1024x332.jpg 1024w, https:\/\/berg-meisterschaft.de\/wp-content\/uploads\/2024\/11\/banner_youtube_BiD_2024-300x97.jpg 300w, https:\/\/berg-meisterschaft.de\/wp-content\/uploads\/2024\/11\/banner_youtube_BiD_2024-768x249.jpg 768w, https:\/\/berg-meisterschaft.de\/wp-content\/uploads\/2024\/11\/banner_youtube_BiD_2024.jpg 1080w\" sizes=\"(max-width: 1024px) 100vw, 1024px\" \/>\t\t\t\t\t\t\t\t<\/a>\n\t\t\t\t\t\t\t\t\t\t\t\t\t<\/div>\n\t\t\t\t<\/div>\n\t\t\t\t\t<\/div>\n\t\t\t\t<\/div>\n\t\t\t\t<\/div>\n\t\t","protected":false},"excerpt":{"rendered":"<p>Simone Faggioli kehrt zum Pikes Peak zur\u00fcck FLORENZ (red) Nach monatelanger Vorarbeit gibt Simone Faggioli, der florentinische Champion, seine Teilnahme an der diesj\u00e4hrigen Ausgabe \u00a0des Pikes Peak International Hill Climb, mit dem Nova Proto NP01 ATM Bardahl, bekannt. Diego Degasperi und Franco Caruso sind ebenfalls in Colorado am Start. Somit best\u00e4tigt Faggioli seine erneute Pr\u00e4senz [&hellip;]<\/p>\n","protected":false},"author":2,"featured_media":4954,"comment_status":"closed","ping_status":"closed","sticky":false,"template":"elementor_header_footer","format":"standard","meta":{"footnotes":""},"categories":[9],"tags":[],"class_list":["post-5681","post","type-post","status-publish","format-standard","has-post-thumbnail","hentry","category-mehr-bergrennen"],"blocksy_meta":[],"_links":{"self":[{"href":"https:\/\/berg-meisterschaft.de\/index.php?rest_route=\/wp\/v2\/posts\/5681","targetHints":{"allow":["GET"]}}],"collection":[{"href":"https:\/\/berg-meisterschaft.de\/index.php?rest_route=\/wp\/v2\/posts"}],"about":[{"href":"https:\/\/berg-meisterschaft.de\/index.php?rest_route=\/wp\/v2\/types\/post"}],"author":[{"embeddable":true,"href":"https:\/\/berg-meisterschaft.de\/index.php?rest_route=\/wp\/v2\/users\/2"}],"replies":[{"embeddable":true,"href":"https:\/\/berg-meisterschaft.de\/index.php?rest_route=%2Fwp%2Fv2%2Fcomments&post=5681"}],"version-history":[{"count":9,"href":"https:\/\/berg-meisterschaft.de\/index.php?rest_route=\/wp\/v2\/posts\/5681\/revisions"}],"predecessor-version":[{"id":5690,"href":"https:\/\/berg-meisterschaft.de\/index.php?rest_route=\/wp\/v2\/posts\/5681\/revisions\/5690"}],"wp:featuredmedia":[{"embeddable":true,"href":"https:\/\/berg-meisterschaft.de\/index.php?rest_route=\/wp\/v2\/media\/4954"}],"wp:attachment":[{"href":"https:\/\/berg-meisterschaft.de\/index.php?rest_route=%2Fwp%2Fv2%2Fmedia&parent=5681"}],"wp:term":[{"taxonomy":"category","embeddable":true,"href":"https:\/\/berg-meisterschaft.de\/index.php?rest_route=%2Fwp%2Fv2%2Fcategories&post=5681"},{"taxonomy":"post_tag","embeddable":true,"href":"https:\/\/berg-meisterschaft.de\/index.php?rest_route=%2Fwp%2Fv2%2Ftags&post=5681"}],"curies":[{"name":"wp","href":"https:\/\/api.w.org\/{rel}","templated":true}]}}