{"id":5691,"date":"2026-03-06T13:00:48","date_gmt":"2026-03-06T13:00:48","guid":{"rendered":"https:\/\/berg-meisterschaft.de\/?p=5691"},"modified":"2026-03-06T13:06:14","modified_gmt":"2026-03-06T13:06:14","slug":"otmar-fassold-berg-comeback-nach-39-jahren","status":"publish","type":"post","link":"https:\/\/berg-meisterschaft.de\/?p=5691","title":{"rendered":"Otmar Fassold \u2013 Berg-Comeback nach 39 Jahren"},"content":{"rendered":"\t\t<div data-elementor-type=\"wp-post\" data-elementor-id=\"5691\" class=\"elementor elementor-5691\">\n\t\t\t\t<div class=\"elementor-element elementor-element-4ac3e384 e-con-full e-flex e-con e-parent\" data-id=\"4ac3e384\" data-element_type=\"container\" data-settings=\"{&quot;content_width&quot;:&quot;full&quot;,&quot;background_background&quot;:&quot;classic&quot;,&quot;container_type&quot;:&quot;flex&quot;}\" data-e-bg-lazyload=\"\" data-core-v316-plus=\"true\">\n\t\t\t\t<div class=\"elementor-element elementor-element-5132c13b elementor-widget elementor-widget-heading\" data-id=\"5132c13b\" data-element_type=\"widget\" data-widget_type=\"heading.default\">\n\t\t\t\t<div class=\"elementor-widget-container\">\n\t\t\t<style>\/*! elementor - v3.19.0 - 24-01-2024 *\/\n.elementor-heading-title{padding:0;margin:0;line-height:1}.elementor-widget-heading .elementor-heading-title[class*=elementor-size-]>a{color:inherit;font-size:inherit;line-height:inherit}.elementor-widget-heading .elementor-heading-title.elementor-size-small{font-size:15px}.elementor-widget-heading .elementor-heading-title.elementor-size-medium{font-size:19px}.elementor-widget-heading .elementor-heading-title.elementor-size-large{font-size:29px}.elementor-widget-heading .elementor-heading-title.elementor-size-xl{font-size:39px}.elementor-widget-heading .elementor-heading-title.elementor-size-xxl{font-size:59px}<\/style><h2 class=\"elementor-heading-title elementor-size-default\">Otmar Fassold \u2013 Berg-Comeback nach 39 Jahren<\/h2>\t\t<\/div>\n\t\t\t\t<\/div>\n\t\t\t\t<\/div>\n\t\t<div class=\"elementor-element elementor-element-117ac5a1 e-flex e-con-boxed e-con e-parent\" data-id=\"117ac5a1\" data-element_type=\"container\" data-settings=\"{&quot;container_type&quot;:&quot;flex&quot;,&quot;content_width&quot;:&quot;boxed&quot;}\" data-core-v316-plus=\"true\">\n\t\t\t\t\t<div class=\"e-con-inner\">\n\t\t<div class=\"elementor-element elementor-element-3649f4cc e-flex e-con-boxed e-con e-child\" data-id=\"3649f4cc\" data-element_type=\"container\" data-settings=\"{&quot;container_type&quot;:&quot;flex&quot;,&quot;content_width&quot;:&quot;boxed&quot;}\">\n\t\t\t\t\t<div class=\"e-con-inner\">\n\t\t\t\t<div class=\"elementor-element elementor-element-3e114fd9 elementor-widget elementor-widget-text-editor\" data-id=\"3e114fd9\" data-element_type=\"widget\" data-widget_type=\"text-editor.default\">\n\t\t\t\t<div class=\"elementor-widget-container\">\n\t\t\t<style>\/*! elementor - v3.19.0 - 24-01-2024 *\/\n.elementor-widget-text-editor.elementor-drop-cap-view-stacked .elementor-drop-cap{background-color:#69727d;color:#fff}.elementor-widget-text-editor.elementor-drop-cap-view-framed .elementor-drop-cap{color:#69727d;border:3px solid;background-color:transparent}.elementor-widget-text-editor:not(.elementor-drop-cap-view-default) .elementor-drop-cap{margin-top:8px}.elementor-widget-text-editor:not(.elementor-drop-cap-view-default) .elementor-drop-cap-letter{width:1em;height:1em}.elementor-widget-text-editor .elementor-drop-cap{float:left;text-align:center;line-height:1;font-size:50px}.elementor-widget-text-editor .elementor-drop-cap-letter{display:inline-block}<\/style>\t\t\t\t<p><strong>CREUSSEN (thb)<\/strong> Das Lager der Rennsportfahrzeuge am Deutschen Berg, erh\u00e4lt weiteren Zuwachs. Mit einem 2 Liter Norma-Sportwagen wird der Oberfranke Otmar Fassold in die deutsche Bergrennszene zur\u00fcckkehren. Letztmals im Jahr 1987 war Fassold, mit einem Argo-Formel 3 bei den Bergrennen am Start.<br \/><br \/>Der ein oder andere, altgediente Aktive oder Fan der Bergrennen, wird sich an den mittlerweile 60 J\u00e4hrigen Otmar Fassold, aus seiner aktiven Zeit in der Bergmeisterschaft der 1980er Jahre, noch erinnern. Nach seiner Zeit am Berg, folgten bis 1991 Rennsportjahre auf der Rundstecke. Gaststarts in der Formel 3 DM waren rar. Danach war Fassold im Porsche Club-Sport und auf der Nordschleife im Einsatz, bis es motorsportlich um Otmar Fassold lange Jahre ruhig wurde.<br \/><br \/>Immer noch rank, schlank und fit, plant Fassold die R\u00fcckkehr in die Bergmeisterschaft und trifft sogar alte Bekannte, wie Uwe Lang oder Gerd Kauff wieder, mit denen er viele sch\u00f6ne Erinnerungen teilt. Damals waren die Starterfelder bei den Rennwagen noch voll, mehr als 30 Fahrzeuge in der Formel 3-Klasse, waren zu dieser Zeit keine Seltenheit.<br \/><br \/>Einen Formel 3 hatte Fassold auch f\u00fcr seinen Wiedereinstieg im Kopf, \u201eaber ein vern\u00fcnftiges Auto zu bekommen, ist schwer und auch diese Klasse ist aktuell nicht auf Rosen gebettet\u201c. Daher fiel seine Wahl auf einen E2-SC Sportwagen mit einem an die 300 PS starken, 2-liter Honda Motor. In Tschechien erstand er ein Norma M20 FC-Chassis, das aktuell f\u00fcr die Regularien am deutschen Berg vorbereitet wird. Einen Kat nachzur\u00fcstet und sich um die Ger\u00e4uschentwicklung zu k\u00fcmmern, ist aktuell in Arbeit. Der Mann Creu\u00dfen im Landkreis Bayreuth (immer noch) hat sich zum Ziel gesetzt alle L\u00e4ufe der Deutschen Bergmeisterschaft 2026 zu bestreiten. \u201eIch denke den DM-Auftakt in Eschdorf (Luxemburg), werde ich nicht schaffen\u201c. Ende Mai, ab Wolsfeld, solle es doch zeitm\u00e4\u00dfig hinhauen.<\/p>\t\t\t\t\t\t<\/div>\n\t\t\t\t<\/div>\n\t\t\t\t\t<\/div>\n\t\t\t\t<\/div>\n\t\t<div class=\"elementor-element elementor-element-30400131 e-flex e-con-boxed e-con e-child\" data-id=\"30400131\" data-element_type=\"container\" data-settings=\"{&quot;container_type&quot;:&quot;flex&quot;,&quot;content_width&quot;:&quot;boxed&quot;}\">\n\t\t\t\t\t<div class=\"e-con-inner\">\n\t\t\t\t<div class=\"elementor-element elementor-element-726a47c1 elementor-widget elementor-widget-image\" data-id=\"726a47c1\" data-element_type=\"widget\" data-widget_type=\"image.default\">\n\t\t\t\t<div class=\"elementor-widget-container\">\n\t\t\t<style>\/*! elementor - v3.19.0 - 24-01-2024 *\/\n.elementor-widget-image{text-align:center}.elementor-widget-image a{display:inline-block}.elementor-widget-image a img[src$=\".svg\"]{width:48px}.elementor-widget-image img{vertical-align:middle;display:inline-block}<\/style>\t\t\t\t\t\t\t\t\t\t<img fetchpriority=\"high\" decoding=\"async\" width=\"1024\" height=\"683\" src=\"https:\/\/berg-meisterschaft.de\/wp-content\/uploads\/2026\/03\/fassold_norma_hockheim_2026-1024x683.jpg\" class=\"attachment-large size-large wp-image-5698\" alt=\"\" srcset=\"https:\/\/berg-meisterschaft.de\/wp-content\/uploads\/2026\/03\/fassold_norma_hockheim_2026-1024x683.jpg 1024w, https:\/\/berg-meisterschaft.de\/wp-content\/uploads\/2026\/03\/fassold_norma_hockheim_2026-300x200.jpg 300w, https:\/\/berg-meisterschaft.de\/wp-content\/uploads\/2026\/03\/fassold_norma_hockheim_2026-768x512.jpg 768w, https:\/\/berg-meisterschaft.de\/wp-content\/uploads\/2026\/03\/fassold_norma_hockheim_2026.jpg 1050w\" sizes=\"(max-width: 1024px) 100vw, 1024px\" \/>\t\t\t\t\t\t\t\t\t\t\t\t\t<\/div>\n\t\t\t\t<\/div>\n\t\t\t\t<div class=\"elementor-element elementor-element-c238b85 elementor-widget elementor-widget-image\" data-id=\"c238b85\" data-element_type=\"widget\" data-widget_type=\"image.default\">\n\t\t\t\t<div class=\"elementor-widget-container\">\n\t\t\t\t\t\t\t\t\t\t\t\t\t<img decoding=\"async\" width=\"1024\" height=\"682\" src=\"https:\/\/berg-meisterschaft.de\/wp-content\/uploads\/2026\/03\/fassold_otmar_polo_gr_A_duensberg_1985_0002-1024x682.jpg\" class=\"attachment-large size-large wp-image-5693\" alt=\"\" srcset=\"https:\/\/berg-meisterschaft.de\/wp-content\/uploads\/2026\/03\/fassold_otmar_polo_gr_A_duensberg_1985_0002-1024x682.jpg 1024w, https:\/\/berg-meisterschaft.de\/wp-content\/uploads\/2026\/03\/fassold_otmar_polo_gr_A_duensberg_1985_0002-300x200.jpg 300w, https:\/\/berg-meisterschaft.de\/wp-content\/uploads\/2026\/03\/fassold_otmar_polo_gr_A_duensberg_1985_0002-768x511.jpg 768w, https:\/\/berg-meisterschaft.de\/wp-content\/uploads\/2026\/03\/fassold_otmar_polo_gr_A_duensberg_1985_0002.jpg 1050w\" sizes=\"(max-width: 1024px) 100vw, 1024px\" \/>\t\t\t\t\t\t\t\t\t\t\t\t\t<\/div>\n\t\t\t\t<\/div>\n\t\t\t\t<div class=\"elementor-element elementor-element-b938768 elementor-widget elementor-widget-image\" data-id=\"b938768\" data-element_type=\"widget\" data-widget_type=\"image.default\">\n\t\t\t\t<div class=\"elementor-widget-container\">\n\t\t\t\t\t\t\t\t\t\t\t\t\t<img decoding=\"async\" width=\"1024\" height=\"683\" src=\"https:\/\/berg-meisterschaft.de\/wp-content\/uploads\/2026\/03\/fassold_otmar_osnabrueck_198x_8610-1024x683.jpg\" class=\"attachment-large size-large wp-image-5694\" alt=\"\" srcset=\"https:\/\/berg-meisterschaft.de\/wp-content\/uploads\/2026\/03\/fassold_otmar_osnabrueck_198x_8610-1024x683.jpg 1024w, https:\/\/berg-meisterschaft.de\/wp-content\/uploads\/2026\/03\/fassold_otmar_osnabrueck_198x_8610-300x200.jpg 300w, https:\/\/berg-meisterschaft.de\/wp-content\/uploads\/2026\/03\/fassold_otmar_osnabrueck_198x_8610-768x512.jpg 768w, https:\/\/berg-meisterschaft.de\/wp-content\/uploads\/2026\/03\/fassold_otmar_osnabrueck_198x_8610.jpg 1050w\" sizes=\"(max-width: 1024px) 100vw, 1024px\" \/>\t\t\t\t\t\t\t\t\t\t\t\t\t<\/div>\n\t\t\t\t<\/div>\n\t\t\t\t<div class=\"elementor-element elementor-element-69b9c87 elementor-widget elementor-widget-image\" data-id=\"69b9c87\" data-element_type=\"widget\" data-widget_type=\"image.default\">\n\t\t\t\t<div class=\"elementor-widget-container\">\n\t\t\t\t\t\t\t\t\t\t\t\t\t<img loading=\"lazy\" decoding=\"async\" width=\"1024\" height=\"682\" src=\"https:\/\/berg-meisterschaft.de\/wp-content\/uploads\/2026\/03\/fassold_otmar_1987_by_bubel_0055-1024x682.jpg\" class=\"attachment-large size-large wp-image-5695\" alt=\"\" srcset=\"https:\/\/berg-meisterschaft.de\/wp-content\/uploads\/2026\/03\/fassold_otmar_1987_by_bubel_0055-1024x682.jpg 1024w, https:\/\/berg-meisterschaft.de\/wp-content\/uploads\/2026\/03\/fassold_otmar_1987_by_bubel_0055-300x200.jpg 300w, https:\/\/berg-meisterschaft.de\/wp-content\/uploads\/2026\/03\/fassold_otmar_1987_by_bubel_0055-768x512.jpg 768w, https:\/\/berg-meisterschaft.de\/wp-content\/uploads\/2026\/03\/fassold_otmar_1987_by_bubel_0055.jpg 1051w\" sizes=\"(max-width: 1024px) 100vw, 1024px\" \/>\t\t\t\t\t\t\t\t\t\t\t\t\t<\/div>\n\t\t\t\t<\/div>\n\t\t\t\t<div class=\"elementor-element elementor-element-da12b76 elementor-widget elementor-widget-image\" data-id=\"da12b76\" data-element_type=\"widget\" data-widget_type=\"image.default\">\n\t\t\t\t<div class=\"elementor-widget-container\">\n\t\t\t\t\t\t\t\t\t\t\t\t\t<img loading=\"lazy\" decoding=\"async\" width=\"775\" height=\"1024\" src=\"https:\/\/berg-meisterschaft.de\/wp-content\/uploads\/2026\/03\/fassold_otmar_2-775x1024.jpg\" class=\"attachment-large size-large wp-image-5696\" alt=\"\" srcset=\"https:\/\/berg-meisterschaft.de\/wp-content\/uploads\/2026\/03\/fassold_otmar_2-775x1024.jpg 775w, https:\/\/berg-meisterschaft.de\/wp-content\/uploads\/2026\/03\/fassold_otmar_2-227x300.jpg 227w, https:\/\/berg-meisterschaft.de\/wp-content\/uploads\/2026\/03\/fassold_otmar_2-768x1015.jpg 768w, https:\/\/berg-meisterschaft.de\/wp-content\/uploads\/2026\/03\/fassold_otmar_2.jpg 1050w\" sizes=\"(max-width: 775px) 100vw, 775px\" \/>\t\t\t\t\t\t\t\t\t\t\t\t\t<\/div>\n\t\t\t\t<\/div>\n\t\t\t\t\t<\/div>\n\t\t\t\t<\/div>\n\t\t\t\t\t<\/div>\n\t\t\t\t<\/div>\n\t\t<div class=\"elementor-element elementor-element-259ce158 e-flex e-con-boxed e-con e-parent\" data-id=\"259ce158\" data-element_type=\"container\" data-settings=\"{&quot;container_type&quot;:&quot;flex&quot;,&quot;content_width&quot;:&quot;boxed&quot;}\" data-core-v316-plus=\"true\">\n\t\t\t\t\t<div class=\"e-con-inner\">\n\t\t\t\t<div class=\"elementor-element elementor-element-79174183 elementor-widget elementor-widget-image\" data-id=\"79174183\" data-element_type=\"widget\" data-widget_type=\"image.default\">\n\t\t\t\t<div class=\"elementor-widget-container\">\n\t\t\t\t\t\t\t\t\t\t\t\t\t\t<a href=\"http:\/\/www.hoosier-rennreifen.de\">\n\t\t\t\t\t\t\t<img loading=\"lazy\" decoding=\"async\" width=\"1024\" height=\"195\" src=\"https:\/\/berg-meisterschaft.de\/wp-content\/uploads\/2024\/04\/hoosier_banner_2024_ohne-1024x195.jpg\" class=\"attachment-large size-large wp-image-3247\" alt=\"\" srcset=\"https:\/\/berg-meisterschaft.de\/wp-content\/uploads\/2024\/04\/hoosier_banner_2024_ohne-1024x195.jpg 1024w, https:\/\/berg-meisterschaft.de\/wp-content\/uploads\/2024\/04\/hoosier_banner_2024_ohne-300x57.jpg 300w, https:\/\/berg-meisterschaft.de\/wp-content\/uploads\/2024\/04\/hoosier_banner_2024_ohne-768x146.jpg 768w, https:\/\/berg-meisterschaft.de\/wp-content\/uploads\/2024\/04\/hoosier_banner_2024_ohne.jpg 1050w\" sizes=\"(max-width: 1024px) 100vw, 1024px\" \/>\t\t\t\t\t\t\t\t<\/a>\n\t\t\t\t\t\t\t\t\t\t\t\t\t<\/div>\n\t\t\t\t<\/div>\n\t\t\t\t\t<\/div>\n\t\t\t\t<\/div>\n\t\t\t\t<\/div>\n\t\t","protected":false},"excerpt":{"rendered":"<p>Otmar Fassold \u2013 Berg-Comeback nach 39 Jahren CREUSSEN (thb) Das Lager der Rennsportfahrzeuge am Deutschen Berg, erh\u00e4lt weiteren Zuwachs. Mit einem 2 Liter Norma-Sportwagen wird der Oberfranke Otmar Fassold in die deutsche Bergrennszene zur\u00fcckkehren. Letztmals im Jahr 1987 war Fassold, mit einem Argo-Formel 3 bei den Bergrennen am Start. Der ein oder andere, altgediente Aktive [&hellip;]<\/p>\n","protected":false},"author":2,"featured_media":5702,"comment_status":"closed","ping_status":"closed","sticky":false,"template":"elementor_header_footer","format":"standard","meta":{"footnotes":""},"categories":[8],"tags":[],"class_list":["post-5691","post","type-post","status-publish","format-standard","has-post-thumbnail","hentry","category-berg-dm"],"blocksy_meta":[],"_links":{"self":[{"href":"https:\/\/berg-meisterschaft.de\/index.php?rest_route=\/wp\/v2\/posts\/5691","targetHints":{"allow":["GET"]}}],"collection":[{"href":"https:\/\/berg-meisterschaft.de\/index.php?rest_route=\/wp\/v2\/posts"}],"about":[{"href":"https:\/\/berg-meisterschaft.de\/index.php?rest_route=\/wp\/v2\/types\/post"}],"author":[{"embeddable":true,"href":"https:\/\/berg-meisterschaft.de\/index.php?rest_route=\/wp\/v2\/users\/2"}],"replies":[{"embeddable":true,"href":"https:\/\/berg-meisterschaft.de\/index.php?rest_route=%2Fwp%2Fv2%2Fcomments&post=5691"}],"version-history":[{"count":6,"href":"https:\/\/berg-meisterschaft.de\/index.php?rest_route=\/wp\/v2\/posts\/5691\/revisions"}],"predecessor-version":[{"id":5704,"href":"https:\/\/berg-meisterschaft.de\/index.php?rest_route=\/wp\/v2\/posts\/5691\/revisions\/5704"}],"wp:featuredmedia":[{"embeddable":true,"href":"https:\/\/berg-meisterschaft.de\/index.php?rest_route=\/wp\/v2\/media\/5702"}],"wp:attachment":[{"href":"https:\/\/berg-meisterschaft.de\/index.php?rest_route=%2Fwp%2Fv2%2Fmedia&parent=5691"}],"wp:term":[{"taxonomy":"category","embeddable":true,"href":"https:\/\/berg-meisterschaft.de\/index.php?rest_route=%2Fwp%2Fv2%2Fcategories&post=5691"},{"taxonomy":"post_tag","embeddable":true,"href":"https:\/\/berg-meisterschaft.de\/index.php?rest_route=%2Fwp%2Fv2%2Ftags&post=5691"}],"curies":[{"name":"wp","href":"https:\/\/api.w.org\/{rel}","templated":true}]}}