{"id":5765,"date":"2026-04-29T11:32:24","date_gmt":"2026-04-29T11:32:24","guid":{"rendered":"https:\/\/berg-meisterschaft.de\/?p=5765"},"modified":"2026-04-29T11:39:33","modified_gmt":"2026-04-29T11:39:33","slug":"weiterer-schock-alexander-zajelsnik-an-infarkt-verstorben","status":"publish","type":"post","link":"https:\/\/berg-meisterschaft.de\/?p=5765","title":{"rendered":"Weiterer Schock \u2013 Alexander Zajelsnik an Infarkt verstorben"},"content":{"rendered":"\t\t<div data-elementor-type=\"wp-post\" data-elementor-id=\"5765\" class=\"elementor elementor-5765\">\n\t\t\t\t<div class=\"elementor-element elementor-element-ee0647c e-con-full e-flex e-con e-parent\" data-id=\"ee0647c\" data-element_type=\"container\" data-settings=\"{&quot;content_width&quot;:&quot;full&quot;,&quot;background_background&quot;:&quot;classic&quot;,&quot;container_type&quot;:&quot;flex&quot;}\" data-e-bg-lazyload=\"\" data-core-v316-plus=\"true\">\n\t\t\t\t<div class=\"elementor-element elementor-element-1aec10c3 elementor-widget elementor-widget-heading\" data-id=\"1aec10c3\" data-element_type=\"widget\" data-widget_type=\"heading.default\">\n\t\t\t\t<div class=\"elementor-widget-container\">\n\t\t\t<style>\/*! elementor - v3.19.0 - 24-01-2024 *\/\n.elementor-heading-title{padding:0;margin:0;line-height:1}.elementor-widget-heading .elementor-heading-title[class*=elementor-size-]>a{color:inherit;font-size:inherit;line-height:inherit}.elementor-widget-heading .elementor-heading-title.elementor-size-small{font-size:15px}.elementor-widget-heading .elementor-heading-title.elementor-size-medium{font-size:19px}.elementor-widget-heading .elementor-heading-title.elementor-size-large{font-size:29px}.elementor-widget-heading .elementor-heading-title.elementor-size-xl{font-size:39px}.elementor-widget-heading .elementor-heading-title.elementor-size-xxl{font-size:59px}<\/style><h2 class=\"elementor-heading-title elementor-size-default\">Weiterer Schock \u2013 Alexander Zajelsnik an Infarkt verstorben<\/h2>\t\t<\/div>\n\t\t\t\t<\/div>\n\t\t\t\t<\/div>\n\t\t<div class=\"elementor-element elementor-element-3fd44977 e-flex e-con-boxed e-con e-parent\" data-id=\"3fd44977\" data-element_type=\"container\" data-settings=\"{&quot;container_type&quot;:&quot;flex&quot;,&quot;content_width&quot;:&quot;boxed&quot;}\" data-core-v316-plus=\"true\">\n\t\t\t\t\t<div class=\"e-con-inner\">\n\t\t<div class=\"elementor-element elementor-element-5527427 e-flex e-con-boxed e-con e-child\" data-id=\"5527427\" data-element_type=\"container\" data-settings=\"{&quot;container_type&quot;:&quot;flex&quot;,&quot;content_width&quot;:&quot;boxed&quot;}\">\n\t\t\t\t\t<div class=\"e-con-inner\">\n\t\t\t\t<div class=\"elementor-element elementor-element-1eba66da elementor-widget elementor-widget-text-editor\" data-id=\"1eba66da\" data-element_type=\"widget\" data-widget_type=\"text-editor.default\">\n\t\t\t\t<div class=\"elementor-widget-container\">\n\t\t\t<style>\/*! elementor - v3.19.0 - 24-01-2024 *\/\n.elementor-widget-text-editor.elementor-drop-cap-view-stacked .elementor-drop-cap{background-color:#69727d;color:#fff}.elementor-widget-text-editor.elementor-drop-cap-view-framed .elementor-drop-cap{color:#69727d;border:3px solid;background-color:transparent}.elementor-widget-text-editor:not(.elementor-drop-cap-view-default) .elementor-drop-cap{margin-top:8px}.elementor-widget-text-editor:not(.elementor-drop-cap-view-default) .elementor-drop-cap-letter{width:1em;height:1em}.elementor-widget-text-editor .elementor-drop-cap{float:left;text-align:center;line-height:1;font-size:50px}.elementor-widget-text-editor .elementor-drop-cap-letter{display:inline-block}<\/style>\t\t\t\t<p><strong>FREIBURG (thb)<\/strong> Mit gro\u00dfer Best\u00fcrzung nehmen wir Abschied von Alexander Zajelsnik aus Freiburg. Der Tankstellen-Inhaber und leidenschaftliche Motorsportler pr\u00e4gte seit den 1990er Jahren die Rennszene und war vielen als fester Bestandteil des Fahrerlagers bekannt. Seine Wurzeln im Motorsport reichen weit zur\u00fcck: Als Mechaniker arbeitete er zun\u00e4chst an der Seite seines Vaters Josef Zajelsnik, bevor er selbst ins Cockpit wechselte.<\/p><p>Alexander war ein echtes Kind des Fahrerlagers. Er fuhr sowohl Formel-Rennwagen als auch Rennsportwagen im JAZ-Team und blieb dem Rennsport \u00fcber Jahrzehnte hinweg eng verbunden. Sein letztes Rennen bestritt er am Ostermontag 2026 in Lorentzweiler.<\/p><p>Umso schockierender ist die Nachricht, dass Alexander Zajelsnik infolge eines Herzinfarkts (KW 17) verstorben ist. Sein pl\u00f6tzlicher Tod hinterl\u00e4sst eine gro\u00dfe L\u00fccke \u2013 nicht nur auf der Strecke, sondern auch in der gesamten Motorsportgemeinschaft.<\/p><p>Fassungslos blicken viele auf die aktuellen Ereignisse innerhalb der Motorsport-Familie. Die Gedanken sind besonders bei seiner Familie, vor allem bei seinem elf Jahre j\u00fcngeren Bruder Patrik.<\/p><p>Wir w\u00fcnschen den Angeh\u00f6rigen in dieser schweren Zeit viel Kraft.<\/p>\t\t\t\t\t\t<\/div>\n\t\t\t\t<\/div>\n\t\t\t\t\t<\/div>\n\t\t\t\t<\/div>\n\t\t<div class=\"elementor-element elementor-element-2d04e7e4 e-flex e-con-boxed e-con e-child\" data-id=\"2d04e7e4\" data-element_type=\"container\" data-settings=\"{&quot;container_type&quot;:&quot;flex&quot;,&quot;content_width&quot;:&quot;boxed&quot;}\">\n\t\t\t\t\t<div class=\"e-con-inner\">\n\t\t\t\t<div class=\"elementor-element elementor-element-74eb2fb8 elementor-widget elementor-widget-image\" data-id=\"74eb2fb8\" data-element_type=\"widget\" data-widget_type=\"image.default\">\n\t\t\t\t<div class=\"elementor-widget-container\">\n\t\t\t<style>\/*! elementor - v3.19.0 - 24-01-2024 *\/\n.elementor-widget-image{text-align:center}.elementor-widget-image a{display:inline-block}.elementor-widget-image a img[src$=\".svg\"]{width:48px}.elementor-widget-image img{vertical-align:middle;display:inline-block}<\/style>\t\t\t\t\t\t\t\t\t\t<img fetchpriority=\"high\" decoding=\"async\" width=\"1024\" height=\"683\" src=\"https:\/\/berg-meisterschaft.de\/wp-content\/uploads\/2026\/04\/zajelsnika_eschdorf_2013_by_bubel_2263-1024x683.jpg\" class=\"attachment-large size-large wp-image-5768\" alt=\"\" srcset=\"https:\/\/berg-meisterschaft.de\/wp-content\/uploads\/2026\/04\/zajelsnika_eschdorf_2013_by_bubel_2263-1024x683.jpg 1024w, https:\/\/berg-meisterschaft.de\/wp-content\/uploads\/2026\/04\/zajelsnika_eschdorf_2013_by_bubel_2263-300x200.jpg 300w, https:\/\/berg-meisterschaft.de\/wp-content\/uploads\/2026\/04\/zajelsnika_eschdorf_2013_by_bubel_2263-768x512.jpg 768w, https:\/\/berg-meisterschaft.de\/wp-content\/uploads\/2026\/04\/zajelsnika_eschdorf_2013_by_bubel_2263.jpg 1050w\" sizes=\"(max-width: 1024px) 100vw, 1024px\" \/>\t\t\t\t\t\t\t\t\t\t\t\t\t<\/div>\n\t\t\t\t<\/div>\n\t\t\t\t<div class=\"elementor-element elementor-element-b19ad5d elementor-widget elementor-widget-image\" data-id=\"b19ad5d\" data-element_type=\"widget\" data-widget_type=\"image.default\">\n\t\t\t\t<div class=\"elementor-widget-container\">\n\t\t\t\t\t\t\t\t\t\t\t\t\t<img decoding=\"async\" width=\"1024\" height=\"683\" src=\"https:\/\/berg-meisterschaft.de\/wp-content\/uploads\/2026\/04\/zajelsnika_osnabrueck_2019_by_bubel_0596-1024x683.jpg\" class=\"attachment-large size-large wp-image-5769\" alt=\"\" srcset=\"https:\/\/berg-meisterschaft.de\/wp-content\/uploads\/2026\/04\/zajelsnika_osnabrueck_2019_by_bubel_0596-1024x683.jpg 1024w, https:\/\/berg-meisterschaft.de\/wp-content\/uploads\/2026\/04\/zajelsnika_osnabrueck_2019_by_bubel_0596-300x200.jpg 300w, https:\/\/berg-meisterschaft.de\/wp-content\/uploads\/2026\/04\/zajelsnika_osnabrueck_2019_by_bubel_0596-768x512.jpg 768w, https:\/\/berg-meisterschaft.de\/wp-content\/uploads\/2026\/04\/zajelsnika_osnabrueck_2019_by_bubel_0596.jpg 1050w\" sizes=\"(max-width: 1024px) 100vw, 1024px\" \/>\t\t\t\t\t\t\t\t\t\t\t\t\t<\/div>\n\t\t\t\t<\/div>\n\t\t\t\t<div class=\"elementor-element elementor-element-47f0bbd elementor-widget elementor-widget-image\" data-id=\"47f0bbd\" data-element_type=\"widget\" data-widget_type=\"image.default\">\n\t\t\t\t<div class=\"elementor-widget-container\">\n\t\t\t\t\t\t\t\t\t\t\t\t\t<img decoding=\"async\" width=\"1024\" height=\"768\" src=\"https:\/\/berg-meisterschaft.de\/wp-content\/uploads\/2026\/04\/zajelsnika_hauenstein2_2022_by_bubel_0067-1024x768.jpg\" class=\"attachment-large size-large wp-image-5770\" alt=\"\" srcset=\"https:\/\/berg-meisterschaft.de\/wp-content\/uploads\/2026\/04\/zajelsnika_hauenstein2_2022_by_bubel_0067-1024x768.jpg 1024w, https:\/\/berg-meisterschaft.de\/wp-content\/uploads\/2026\/04\/zajelsnika_hauenstein2_2022_by_bubel_0067-300x225.jpg 300w, https:\/\/berg-meisterschaft.de\/wp-content\/uploads\/2026\/04\/zajelsnika_hauenstein2_2022_by_bubel_0067-768x576.jpg 768w, https:\/\/berg-meisterschaft.de\/wp-content\/uploads\/2026\/04\/zajelsnika_hauenstein2_2022_by_bubel_0067.jpg 1050w\" sizes=\"(max-width: 1024px) 100vw, 1024px\" \/>\t\t\t\t\t\t\t\t\t\t\t\t\t<\/div>\n\t\t\t\t<\/div>\n\t\t\t\t<div class=\"elementor-element elementor-element-b8a5ed8 elementor-widget elementor-widget-image\" data-id=\"b8a5ed8\" data-element_type=\"widget\" data-widget_type=\"image.default\">\n\t\t\t\t<div class=\"elementor-widget-container\">\n\t\t\t\t\t\t\t\t\t\t\t\t\t<img loading=\"lazy\" decoding=\"async\" width=\"1024\" height=\"683\" src=\"https:\/\/berg-meisterschaft.de\/wp-content\/uploads\/2026\/04\/zajelsnik_alex_turckheim_1998_c_by_thomas_bubel_000282-1024x683.jpg\" class=\"attachment-large size-large wp-image-5771\" alt=\"\" srcset=\"https:\/\/berg-meisterschaft.de\/wp-content\/uploads\/2026\/04\/zajelsnik_alex_turckheim_1998_c_by_thomas_bubel_000282-1024x683.jpg 1024w, https:\/\/berg-meisterschaft.de\/wp-content\/uploads\/2026\/04\/zajelsnik_alex_turckheim_1998_c_by_thomas_bubel_000282-300x200.jpg 300w, https:\/\/berg-meisterschaft.de\/wp-content\/uploads\/2026\/04\/zajelsnik_alex_turckheim_1998_c_by_thomas_bubel_000282-768x512.jpg 768w, https:\/\/berg-meisterschaft.de\/wp-content\/uploads\/2026\/04\/zajelsnik_alex_turckheim_1998_c_by_thomas_bubel_000282.jpg 1050w\" sizes=\"(max-width: 1024px) 100vw, 1024px\" \/>\t\t\t\t\t\t\t\t\t\t\t\t\t<\/div>\n\t\t\t\t<\/div>\n\t\t\t\t<div class=\"elementor-element elementor-element-8e0ef14 elementor-widget elementor-widget-image\" data-id=\"8e0ef14\" data-element_type=\"widget\" data-widget_type=\"image.default\">\n\t\t\t\t<div class=\"elementor-widget-container\">\n\t\t\t\t\t\t\t\t\t\t\t\t\t<img loading=\"lazy\" decoding=\"async\" width=\"1024\" height=\"688\" src=\"https:\/\/berg-meisterschaft.de\/wp-content\/uploads\/2026\/04\/zajelsnika_eschdorf_T_2011_by_bubel_0414-1024x688.jpg\" class=\"attachment-large size-large wp-image-5772\" alt=\"\" srcset=\"https:\/\/berg-meisterschaft.de\/wp-content\/uploads\/2026\/04\/zajelsnika_eschdorf_T_2011_by_bubel_0414-1024x688.jpg 1024w, https:\/\/berg-meisterschaft.de\/wp-content\/uploads\/2026\/04\/zajelsnika_eschdorf_T_2011_by_bubel_0414-300x201.jpg 300w, https:\/\/berg-meisterschaft.de\/wp-content\/uploads\/2026\/04\/zajelsnika_eschdorf_T_2011_by_bubel_0414-768x516.jpg 768w, https:\/\/berg-meisterschaft.de\/wp-content\/uploads\/2026\/04\/zajelsnika_eschdorf_T_2011_by_bubel_0414.jpg 1050w\" sizes=\"(max-width: 1024px) 100vw, 1024px\" \/>\t\t\t\t\t\t\t\t\t\t\t\t\t<\/div>\n\t\t\t\t<\/div>\n\t\t\t\t<div class=\"elementor-element elementor-element-12c6ffe elementor-widget elementor-widget-image\" data-id=\"12c6ffe\" data-element_type=\"widget\" data-widget_type=\"image.default\">\n\t\t\t\t<div class=\"elementor-widget-container\">\n\t\t\t\t\t\t\t\t\t\t\t\t\t<img loading=\"lazy\" decoding=\"async\" width=\"1024\" height=\"683\" src=\"https:\/\/berg-meisterschaft.de\/wp-content\/uploads\/2026\/04\/zajelsnik_alexander_abreschviller_2001_by_bubel_0020-1024x683.jpg\" class=\"attachment-large size-large wp-image-5773\" alt=\"\" srcset=\"https:\/\/berg-meisterschaft.de\/wp-content\/uploads\/2026\/04\/zajelsnik_alexander_abreschviller_2001_by_bubel_0020-1024x683.jpg 1024w, https:\/\/berg-meisterschaft.de\/wp-content\/uploads\/2026\/04\/zajelsnik_alexander_abreschviller_2001_by_bubel_0020-300x200.jpg 300w, https:\/\/berg-meisterschaft.de\/wp-content\/uploads\/2026\/04\/zajelsnik_alexander_abreschviller_2001_by_bubel_0020-768x512.jpg 768w, https:\/\/berg-meisterschaft.de\/wp-content\/uploads\/2026\/04\/zajelsnik_alexander_abreschviller_2001_by_bubel_0020.jpg 1050w\" sizes=\"(max-width: 1024px) 100vw, 1024px\" \/>\t\t\t\t\t\t\t\t\t\t\t\t\t<\/div>\n\t\t\t\t<\/div>\n\t\t\t\t<div class=\"elementor-element elementor-element-52701e0 elementor-widget elementor-widget-image\" data-id=\"52701e0\" data-element_type=\"widget\" data-widget_type=\"image.default\">\n\t\t\t\t<div class=\"elementor-widget-container\">\n\t\t\t\t\t\t\t\t\t\t\t\t\t<img loading=\"lazy\" decoding=\"async\" width=\"1024\" height=\"682\" src=\"https:\/\/berg-meisterschaft.de\/wp-content\/uploads\/2026\/04\/zajelsniks_waldy_st_urban_11_by_schneider-1024x682.jpg\" class=\"attachment-large size-large wp-image-5774\" alt=\"\" srcset=\"https:\/\/berg-meisterschaft.de\/wp-content\/uploads\/2026\/04\/zajelsniks_waldy_st_urban_11_by_schneider-1024x682.jpg 1024w, https:\/\/berg-meisterschaft.de\/wp-content\/uploads\/2026\/04\/zajelsniks_waldy_st_urban_11_by_schneider-300x200.jpg 300w, https:\/\/berg-meisterschaft.de\/wp-content\/uploads\/2026\/04\/zajelsniks_waldy_st_urban_11_by_schneider-768x511.jpg 768w, https:\/\/berg-meisterschaft.de\/wp-content\/uploads\/2026\/04\/zajelsniks_waldy_st_urban_11_by_schneider.jpg 1050w\" sizes=\"(max-width: 1024px) 100vw, 1024px\" \/>\t\t\t\t\t\t\t\t\t\t\t\t\t<\/div>\n\t\t\t\t<\/div>\n\t\t\t\t<div class=\"elementor-element elementor-element-bc37dab elementor-widget elementor-widget-image\" data-id=\"bc37dab\" data-element_type=\"widget\" data-widget_type=\"image.default\">\n\t\t\t\t<div class=\"elementor-widget-container\">\n\t\t\t\t\t\t\t\t\t\t\t\t\t<img loading=\"lazy\" decoding=\"async\" width=\"1024\" height=\"683\" src=\"https:\/\/berg-meisterschaft.de\/wp-content\/uploads\/2026\/04\/zajelsnika_eschdorf_2013_by_bubel_2808-1024x683.jpg\" class=\"attachment-large size-large wp-image-5775\" alt=\"\" srcset=\"https:\/\/berg-meisterschaft.de\/wp-content\/uploads\/2026\/04\/zajelsnika_eschdorf_2013_by_bubel_2808-1024x683.jpg 1024w, https:\/\/berg-meisterschaft.de\/wp-content\/uploads\/2026\/04\/zajelsnika_eschdorf_2013_by_bubel_2808-300x200.jpg 300w, https:\/\/berg-meisterschaft.de\/wp-content\/uploads\/2026\/04\/zajelsnika_eschdorf_2013_by_bubel_2808-768x512.jpg 768w, https:\/\/berg-meisterschaft.de\/wp-content\/uploads\/2026\/04\/zajelsnika_eschdorf_2013_by_bubel_2808.jpg 1050w\" sizes=\"(max-width: 1024px) 100vw, 1024px\" \/>\t\t\t\t\t\t\t\t\t\t\t\t\t<\/div>\n\t\t\t\t<\/div>\n\t\t\t\t<div class=\"elementor-element elementor-element-33e23a7 elementor-widget elementor-widget-image\" data-id=\"33e23a7\" data-element_type=\"widget\" data-widget_type=\"image.default\">\n\t\t\t\t<div class=\"elementor-widget-container\">\n\t\t\t\t\t\t\t\t\t\t\t\t\t<img loading=\"lazy\" decoding=\"async\" width=\"1024\" height=\"683\" src=\"https:\/\/berg-meisterschaft.de\/wp-content\/uploads\/2026\/04\/zajelsnika_osnabrueck_2016_by_bubel_1362-1024x683.jpg\" class=\"attachment-large size-large wp-image-5776\" alt=\"\" srcset=\"https:\/\/berg-meisterschaft.de\/wp-content\/uploads\/2026\/04\/zajelsnika_osnabrueck_2016_by_bubel_1362-1024x683.jpg 1024w, https:\/\/berg-meisterschaft.de\/wp-content\/uploads\/2026\/04\/zajelsnika_osnabrueck_2016_by_bubel_1362-300x200.jpg 300w, https:\/\/berg-meisterschaft.de\/wp-content\/uploads\/2026\/04\/zajelsnika_osnabrueck_2016_by_bubel_1362-768x512.jpg 768w, https:\/\/berg-meisterschaft.de\/wp-content\/uploads\/2026\/04\/zajelsnika_osnabrueck_2016_by_bubel_1362.jpg 1050w\" sizes=\"(max-width: 1024px) 100vw, 1024px\" \/>\t\t\t\t\t\t\t\t\t\t\t\t\t<\/div>\n\t\t\t\t<\/div>\n\t\t\t\t\t<\/div>\n\t\t\t\t<\/div>\n\t\t\t\t\t<\/div>\n\t\t\t\t<\/div>\n\t\t\t\t<\/div>\n\t\t","protected":false},"excerpt":{"rendered":"<p>Weiterer Schock \u2013 Alexander Zajelsnik an Infarkt verstorben FREIBURG (thb) Mit gro\u00dfer Best\u00fcrzung nehmen wir Abschied von Alexander Zajelsnik aus Freiburg. Der Tankstellen-Inhaber und leidenschaftliche Motorsportler pr\u00e4gte seit den 1990er Jahren die Rennszene und war vielen als fester Bestandteil des Fahrerlagers bekannt. Seine Wurzeln im Motorsport reichen weit zur\u00fcck: Als Mechaniker arbeitete er zun\u00e4chst an [&hellip;]<\/p>\n","protected":false},"author":2,"featured_media":5768,"comment_status":"closed","ping_status":"closed","sticky":false,"template":"elementor_header_footer","format":"standard","meta":{"footnotes":""},"categories":[8],"tags":[],"class_list":["post-5765","post","type-post","status-publish","format-standard","has-post-thumbnail","hentry","category-berg-dm"],"blocksy_meta":[],"_links":{"self":[{"href":"https:\/\/berg-meisterschaft.de\/index.php?rest_route=\/wp\/v2\/posts\/5765","targetHints":{"allow":["GET"]}}],"collection":[{"href":"https:\/\/berg-meisterschaft.de\/index.php?rest_route=\/wp\/v2\/posts"}],"about":[{"href":"https:\/\/berg-meisterschaft.de\/index.php?rest_route=\/wp\/v2\/types\/post"}],"author":[{"embeddable":true,"href":"https:\/\/berg-meisterschaft.de\/index.php?rest_route=\/wp\/v2\/users\/2"}],"replies":[{"embeddable":true,"href":"https:\/\/berg-meisterschaft.de\/index.php?rest_route=%2Fwp%2Fv2%2Fcomments&post=5765"}],"version-history":[{"count":6,"href":"https:\/\/berg-meisterschaft.de\/index.php?rest_route=\/wp\/v2\/posts\/5765\/revisions"}],"predecessor-version":[{"id":5781,"href":"https:\/\/berg-meisterschaft.de\/index.php?rest_route=\/wp\/v2\/posts\/5765\/revisions\/5781"}],"wp:featuredmedia":[{"embeddable":true,"href":"https:\/\/berg-meisterschaft.de\/index.php?rest_route=\/wp\/v2\/media\/5768"}],"wp:attachment":[{"href":"https:\/\/berg-meisterschaft.de\/index.php?rest_route=%2Fwp%2Fv2%2Fmedia&parent=5765"}],"wp:term":[{"taxonomy":"category","embeddable":true,"href":"https:\/\/berg-meisterschaft.de\/index.php?rest_route=%2Fwp%2Fv2%2Fcategories&post=5765"},{"taxonomy":"post_tag","embeddable":true,"href":"https:\/\/berg-meisterschaft.de\/index.php?rest_route=%2Fwp%2Fv2%2Ftags&post=5765"}],"curies":[{"name":"wp","href":"https:\/\/api.w.org\/{rel}","templated":true}]}}