{"id":6142,"date":"2026-09-01T10:48:29","date_gmt":"2026-09-01T10:48:29","guid":{"rendered":"https:\/\/berg-meisterschaft.de\/?p=6142"},"modified":"2026-09-01T10:54:58","modified_gmt":"2026-09-01T10:54:58","slug":"robin-faustini-kuert-sich-in-oberhallau-zum-schweizer-meister","status":"publish","type":"post","link":"https:\/\/berg-meisterschaft.de\/?p=6142","title":{"rendered":"Robin Faustini k\u00fcrt sich in Oberhallau zum Schweizer Meister"},"content":{"rendered":"\t\t<div data-elementor-type=\"wp-post\" data-elementor-id=\"6142\" class=\"elementor elementor-6142\">\n\t\t\t\t<div class=\"elementor-element elementor-element-8e86d58 e-con-full e-flex e-con e-parent\" data-id=\"8e86d58\" data-element_type=\"container\" data-settings=\"{&quot;content_width&quot;:&quot;full&quot;,&quot;background_background&quot;:&quot;classic&quot;,&quot;container_type&quot;:&quot;flex&quot;}\" data-e-bg-lazyload=\"\" data-core-v316-plus=\"true\">\n\t\t\t\t<div class=\"elementor-element elementor-element-1bc3e00b elementor-widget elementor-widget-heading\" data-id=\"1bc3e00b\" data-element_type=\"widget\" data-widget_type=\"heading.default\">\n\t\t\t\t<div class=\"elementor-widget-container\">\n\t\t\t<style>\/*! elementor - v3.19.0 - 24-01-2024 *\/\n.elementor-heading-title{padding:0;margin:0;line-height:1}.elementor-widget-heading .elementor-heading-title[class*=elementor-size-]>a{color:inherit;font-size:inherit;line-height:inherit}.elementor-widget-heading .elementor-heading-title.elementor-size-small{font-size:15px}.elementor-widget-heading .elementor-heading-title.elementor-size-medium{font-size:19px}.elementor-widget-heading .elementor-heading-title.elementor-size-large{font-size:29px}.elementor-widget-heading .elementor-heading-title.elementor-size-xl{font-size:39px}.elementor-widget-heading .elementor-heading-title.elementor-size-xxl{font-size:59px}<\/style><h2 class=\"elementor-heading-title elementor-size-default\">Robin Faustini k\u00fcrt sich in Oberhallau zum Schweizer Meister<\/h2>\t\t<\/div>\n\t\t\t\t<\/div>\n\t\t\t\t<\/div>\n\t\t<div class=\"elementor-element elementor-element-4c76101c e-flex e-con-boxed e-con e-parent\" data-id=\"4c76101c\" data-element_type=\"container\" data-settings=\"{&quot;container_type&quot;:&quot;flex&quot;,&quot;content_width&quot;:&quot;boxed&quot;}\" data-core-v316-plus=\"true\">\n\t\t\t\t\t<div class=\"e-con-inner\">\n\t\t<div class=\"elementor-element elementor-element-75344dfd e-flex e-con-boxed e-con e-child\" data-id=\"75344dfd\" data-element_type=\"container\" data-settings=\"{&quot;container_type&quot;:&quot;flex&quot;,&quot;content_width&quot;:&quot;boxed&quot;}\">\n\t\t\t\t\t<div class=\"e-con-inner\">\n\t\t\t\t<div class=\"elementor-element elementor-element-3c9a5412 elementor-widget elementor-widget-text-editor\" data-id=\"3c9a5412\" data-element_type=\"widget\" data-widget_type=\"text-editor.default\">\n\t\t\t\t<div class=\"elementor-widget-container\">\n\t\t\t<style>\/*! elementor - v3.19.0 - 24-01-2024 *\/\n.elementor-widget-text-editor.elementor-drop-cap-view-stacked .elementor-drop-cap{background-color:#69727d;color:#fff}.elementor-widget-text-editor.elementor-drop-cap-view-framed .elementor-drop-cap{color:#69727d;border:3px solid;background-color:transparent}.elementor-widget-text-editor:not(.elementor-drop-cap-view-default) .elementor-drop-cap{margin-top:8px}.elementor-widget-text-editor:not(.elementor-drop-cap-view-default) .elementor-drop-cap-letter{width:1em;height:1em}.elementor-widget-text-editor .elementor-drop-cap{float:left;text-align:center;line-height:1;font-size:50px}.elementor-widget-text-editor .elementor-drop-cap-letter{display:inline-block}<\/style>\t\t\t\t<p><strong>OBERHALLAU (red)<\/strong> Das Bergrennen Oberhallau bot den Zuschauerinnen und Zuschauern dieses Wochenende Motorsport zum Anfassen. Tausende Besucher pilgerten in die Klettgauer Rebberge und erlebten spektakul\u00e4re Rennl\u00e4ufe beim famili\u00e4ren Autorennen. Vor dieser sensationellen Kulisse holte sich der Aargauer Robin Faustini den Tagessieg und k\u00fcrte sich damit zum Schweizer Bergmeister 2026.<\/p><p>Die Kulisse stimmte f\u00fcr das Bergrennen Oberhallau 2026. Sonniges Wetter und kein Regen erfreuten nicht nur die 250 startenden Fahrerinnen und Fahrer, sondern lockten auch zahlreiche Zuschauerinnen und Zuschauer an die Rennstrecke. Der Zuschauerbereich im Start und in der Tarzan-Kurve war schon bei den Trainingsl\u00e4ufen am Samstag gut besetzt und am Renntag standen die Menschen noch n\u00e4her zusammen. \u00dcber das ganze Wochenende durften die Organisatoren 15&#8217;000 Zuschauer in Oberhallau begr\u00fc\u00dfen. Damit geh\u00f6rt die Austragung 2026 zu den besten Jahrg\u00e4ngen. \u00abWir danken allen Zuschauern f\u00fcr ihren Besuch\u00bb, sagte OK-Pr\u00e4sident Sascha Schlatter. \u00abDamit schaffen sie eine einzigartige Kulisse f\u00fcr die Fahrer und zeigen Wertsch\u00e4tzung f\u00fcr die Arbeit der 350 Helferinnen und Helfer.\u00bb Die positive Bilanz wird etwas getr\u00fcbt, weil der dritte Rennlauf f\u00fcr alle Fahrerinnen und Fahrer gestrichen werden musste. \u00abWegen vieler Unterbrechungen am Sonntagvormittag konnten wir den Zeitplan und damit die beh\u00f6rdliche Bewilligung f\u00fcr die Streckennutzung zeitlich nicht einhalten\u00bb, erkl\u00e4rte Schlatter.<\/p><p>Zu den Unterbrechungen kam es wegen technischer Defekte und vereinzelter Rennunf\u00e4lle. Der Stimmung im Dorf tat die Verk\u00fcrzung des Rennens keinen Abbruch. Das Weinbaudorf verwandelte sich am Wochenende in ein Fahrerlager mit Dorffest, und eine H\u00fcpfburg, Helikopter-Rundfl\u00fcge und Renntaxifahrten unterstrichen den famili\u00e4ren Charakter des Bergrennens Oberhallau.<\/p><p>Im Zentrum stand aber das Geschehen auf der Rennstrecke. Bei der Zeitenjagd in den Rebbergen zeichnete sich beim Training ein Duell zwischen dem Vorjahressieger Robin Faustini und dem ebenfalls mehrfach in Oberhallau triumphierenden Marcel Steiner ab. Diesen stoppte im ersten Rennlauf leider ein technischer Defekt seines Nova Proto NP01. Dadurch war der Weg frei f\u00fcr Faustini. Mit zwei Bestzeiten holte sich der Aargauer in seinem Nova Proto NP01 mit 2:18,114 min den Tagessieg. Hinter ihm fuhren der junge Deutsche <strong>Benjamin Noll<\/strong> (2:26,462 min) und Simon Hugentobler (2:30,038 min) auf die R\u00e4nge 2 und 3. (siehe Foto)<\/p><p>Gleichzeitig sicherte sich Faustini noch vor dem letzten Saisonrennen seinen dritten Schweizer Bergmeistertitel. Damit erarbeitet sich Oberhallau langsam den Ruf eines Meistermachers. Schon die letzten beiden Jahre holte sich Faustini im Klettgau den Tagessieg und den Meistertitel.<\/p><p>Bei den Tourenwagen holte sich Roger Schnellmann in seinem Mitsubishi Lancer EVO 8 den Tagessieg mit 2:35,579 min. Hinter ihm fuhren Thomas Strasser (2:38,216 min) und Ludovic Monnier (2:41,732 min) aufs Podest. Neben der Schweizer Bergmeisterschaft z\u00e4hlt das Bergrennen Oberhallau auch zum deutschen KW Berg-Cup und dieses Jahr erstmals zur Deutschen Automobil \u00a0Bergmeisterschaft. Hier geht der Tagessieg an Holger Hovemann. In seinem Lamborghini Huracan ST Evo erklomm er die Weinberge in 2:49,003 min. Auf die R\u00e4nge zwei und drei fuhren Rainer Noller (2:49,607 min) und Bernd Ehrle (2:50,537 min).<\/p><p>Aus der Region Schaffhausen waren eine Fahrerin und f\u00fcnf Fahrer am Start. Von ihnen konnte Vanessa Zenklusen aus Hallau in ihrer Kategorie als Zweite aufs Podest fahren. Drei Klassenrekorde rundeten die Resultate des Bergrennens Oberhallau 2026 ab. Das n\u00e4chste Bergrennen Oberhallau findet in einem Jahr am Wochenende vom 28. und 29. August 2027 statt.<\/p>\t\t\t\t\t\t<\/div>\n\t\t\t\t<\/div>\n\t\t\t\t\t<\/div>\n\t\t\t\t<\/div>\n\t\t<div class=\"elementor-element elementor-element-45f0d656 e-flex e-con-boxed e-con e-child\" data-id=\"45f0d656\" data-element_type=\"container\" data-settings=\"{&quot;container_type&quot;:&quot;flex&quot;,&quot;content_width&quot;:&quot;boxed&quot;}\">\n\t\t\t\t\t<div class=\"e-con-inner\">\n\t\t\t\t<div class=\"elementor-element elementor-element-6083f822 elementor-widget elementor-widget-image\" data-id=\"6083f822\" data-element_type=\"widget\" data-widget_type=\"image.default\">\n\t\t\t\t<div class=\"elementor-widget-container\">\n\t\t\t<style>\/*! elementor - v3.19.0 - 24-01-2024 *\/\n.elementor-widget-image{text-align:center}.elementor-widget-image a{display:inline-block}.elementor-widget-image a img[src$=\".svg\"]{width:48px}.elementor-widget-image img{vertical-align:middle;display:inline-block}<\/style>\t\t\t\t\t\t\t\t\t\t<img fetchpriority=\"high\" decoding=\"async\" width=\"819\" height=\"1024\" src=\"https:\/\/berg-meisterschaft.de\/wp-content\/uploads\/2026\/09\/podium_oberhallau_2026-819x1024.jpg\" class=\"attachment-large size-large wp-image-6144\" alt=\"\" srcset=\"https:\/\/berg-meisterschaft.de\/wp-content\/uploads\/2026\/09\/podium_oberhallau_2026-819x1024.jpg 819w, https:\/\/berg-meisterschaft.de\/wp-content\/uploads\/2026\/09\/podium_oberhallau_2026-240x300.jpg 240w, https:\/\/berg-meisterschaft.de\/wp-content\/uploads\/2026\/09\/podium_oberhallau_2026-768x960.jpg 768w, https:\/\/berg-meisterschaft.de\/wp-content\/uploads\/2026\/09\/podium_oberhallau_2026.jpg 1050w\" sizes=\"(max-width: 819px) 100vw, 819px\" \/>\t\t\t\t\t\t\t\t\t\t\t\t\t<\/div>\n\t\t\t\t<\/div>\n\t\t\t\t<div class=\"elementor-element elementor-element-c78e0f5 elementor-widget elementor-widget-image\" data-id=\"c78e0f5\" data-element_type=\"widget\" data-widget_type=\"image.default\">\n\t\t\t\t<div class=\"elementor-widget-container\">\n\t\t\t\t\t\t\t\t\t\t\t\t\t<img decoding=\"async\" width=\"1024\" height=\"683\" src=\"https:\/\/berg-meisterschaft.de\/wp-content\/uploads\/2026\/09\/faustini_st_ursanne_2026_by_wyss-1024x683.jpg\" class=\"attachment-large size-large wp-image-6145\" alt=\"\" srcset=\"https:\/\/berg-meisterschaft.de\/wp-content\/uploads\/2026\/09\/faustini_st_ursanne_2026_by_wyss-1024x683.jpg 1024w, https:\/\/berg-meisterschaft.de\/wp-content\/uploads\/2026\/09\/faustini_st_ursanne_2026_by_wyss-300x200.jpg 300w, https:\/\/berg-meisterschaft.de\/wp-content\/uploads\/2026\/09\/faustini_st_ursanne_2026_by_wyss-768x512.jpg 768w, https:\/\/berg-meisterschaft.de\/wp-content\/uploads\/2026\/09\/faustini_st_ursanne_2026_by_wyss.jpg 1050w\" sizes=\"(max-width: 1024px) 100vw, 1024px\" \/>\t\t\t\t\t\t\t\t\t\t\t\t\t<\/div>\n\t\t\t\t<\/div>\n\t\t\t\t\t<\/div>\n\t\t\t\t<\/div>\n\t\t\t\t\t<\/div>\n\t\t\t\t<\/div>\n\t\t\t\t<\/div>\n\t\t","protected":false},"excerpt":{"rendered":"<p>Robin Faustini k\u00fcrt sich in Oberhallau zum Schweizer Meister OBERHALLAU (red) Das Bergrennen Oberhallau bot den Zuschauerinnen und Zuschauern dieses Wochenende Motorsport zum Anfassen. Tausende Besucher pilgerten in die Klettgauer Rebberge und erlebten spektakul\u00e4re Rennl\u00e4ufe beim famili\u00e4ren Autorennen. Vor dieser sensationellen Kulisse holte sich der Aargauer Robin Faustini den Tagessieg und k\u00fcrte sich damit zum [&hellip;]<\/p>\n","protected":false},"author":2,"featured_media":6145,"comment_status":"closed","ping_status":"closed","sticky":false,"template":"elementor_header_footer","format":"standard","meta":{"footnotes":""},"categories":[8],"tags":[],"class_list":["post-6142","post","type-post","status-publish","format-standard","has-post-thumbnail","hentry","category-berg-dm"],"blocksy_meta":[],"_links":{"self":[{"href":"https:\/\/berg-meisterschaft.de\/index.php?rest_route=\/wp\/v2\/posts\/6142","targetHints":{"allow":["GET"]}}],"collection":[{"href":"https:\/\/berg-meisterschaft.de\/index.php?rest_route=\/wp\/v2\/posts"}],"about":[{"href":"https:\/\/berg-meisterschaft.de\/index.php?rest_route=\/wp\/v2\/types\/post"}],"author":[{"embeddable":true,"href":"https:\/\/berg-meisterschaft.de\/index.php?rest_route=\/wp\/v2\/users\/2"}],"replies":[{"embeddable":true,"href":"https:\/\/berg-meisterschaft.de\/index.php?rest_route=%2Fwp%2Fv2%2Fcomments&post=6142"}],"version-history":[{"count":5,"href":"https:\/\/berg-meisterschaft.de\/index.php?rest_route=\/wp\/v2\/posts\/6142\/revisions"}],"predecessor-version":[{"id":6149,"href":"https:\/\/berg-meisterschaft.de\/index.php?rest_route=\/wp\/v2\/posts\/6142\/revisions\/6149"}],"wp:featuredmedia":[{"embeddable":true,"href":"https:\/\/berg-meisterschaft.de\/index.php?rest_route=\/wp\/v2\/media\/6145"}],"wp:attachment":[{"href":"https:\/\/berg-meisterschaft.de\/index.php?rest_route=%2Fwp%2Fv2%2Fmedia&parent=6142"}],"wp:term":[{"taxonomy":"category","embeddable":true,"href":"https:\/\/berg-meisterschaft.de\/index.php?rest_route=%2Fwp%2Fv2%2Fcategories&post=6142"},{"taxonomy":"post_tag","embeddable":true,"href":"https:\/\/berg-meisterschaft.de\/index.php?rest_route=%2Fwp%2Fv2%2Ftags&post=6142"}],"curies":[{"name":"wp","href":"https:\/\/api.w.org\/{rel}","templated":true}]}}