{"id":6150,"date":"2026-09-01T11:19:39","date_gmt":"2026-09-01T11:19:39","guid":{"rendered":"https:\/\/berg-meisterschaft.de\/?p=6150"},"modified":"2026-09-01T11:24:26","modified_gmt":"2026-09-01T11:24:26","slug":"unfallpech-fuer-reto-meisel-oplay-so-gut-wie-kategorie-2-meister","status":"publish","type":"post","link":"https:\/\/berg-meisterschaft.de\/?p=6150","title":{"rendered":"Unfallpech f\u00fcr Reto Meisel &#8211; \u201eO\u2019Play\u201c so gut wie Kategorie 2 Meister"},"content":{"rendered":"\t\t<div data-elementor-type=\"wp-post\" data-elementor-id=\"6150\" class=\"elementor elementor-6150\">\n\t\t\t\t<div class=\"elementor-element elementor-element-49cf7ab1 e-con-full e-flex e-con e-parent\" data-id=\"49cf7ab1\" data-element_type=\"container\" data-settings=\"{&quot;content_width&quot;:&quot;full&quot;,&quot;background_background&quot;:&quot;classic&quot;,&quot;container_type&quot;:&quot;flex&quot;}\" data-e-bg-lazyload=\"\" data-core-v316-plus=\"true\">\n\t\t\t\t<div class=\"elementor-element elementor-element-ffe3b40 elementor-widget elementor-widget-heading\" data-id=\"ffe3b40\" data-element_type=\"widget\" data-widget_type=\"heading.default\">\n\t\t\t\t<div class=\"elementor-widget-container\">\n\t\t\t<style>\/*! elementor - v3.19.0 - 24-01-2024 *\/\n.elementor-heading-title{padding:0;margin:0;line-height:1}.elementor-widget-heading .elementor-heading-title[class*=elementor-size-]>a{color:inherit;font-size:inherit;line-height:inherit}.elementor-widget-heading .elementor-heading-title.elementor-size-small{font-size:15px}.elementor-widget-heading .elementor-heading-title.elementor-size-medium{font-size:19px}.elementor-widget-heading .elementor-heading-title.elementor-size-large{font-size:29px}.elementor-widget-heading .elementor-heading-title.elementor-size-xl{font-size:39px}.elementor-widget-heading .elementor-heading-title.elementor-size-xxl{font-size:59px}<\/style><h2 class=\"elementor-heading-title elementor-size-default\">Unfallpech f\u00fcr Reto Meisel - \u201eO\u2019Play\u201c so gut wie Kategorie 2 Meister<\/h2>\t\t<\/div>\n\t\t\t\t<\/div>\n\t\t\t\t<\/div>\n\t\t<div class=\"elementor-element elementor-element-6797a96c e-flex e-con-boxed e-con e-parent\" data-id=\"6797a96c\" data-element_type=\"container\" data-settings=\"{&quot;container_type&quot;:&quot;flex&quot;,&quot;content_width&quot;:&quot;boxed&quot;}\" data-core-v316-plus=\"true\">\n\t\t\t\t\t<div class=\"e-con-inner\">\n\t\t<div class=\"elementor-element elementor-element-5d641435 e-flex e-con-boxed e-con e-child\" data-id=\"5d641435\" data-element_type=\"container\" data-settings=\"{&quot;container_type&quot;:&quot;flex&quot;,&quot;content_width&quot;:&quot;boxed&quot;}\">\n\t\t\t\t\t<div class=\"e-con-inner\">\n\t\t\t\t<div class=\"elementor-element elementor-element-367d807a elementor-widget elementor-widget-text-editor\" data-id=\"367d807a\" data-element_type=\"widget\" data-widget_type=\"text-editor.default\">\n\t\t\t\t<div class=\"elementor-widget-container\">\n\t\t\t<style>\/*! elementor - v3.19.0 - 24-01-2024 *\/\n.elementor-widget-text-editor.elementor-drop-cap-view-stacked .elementor-drop-cap{background-color:#69727d;color:#fff}.elementor-widget-text-editor.elementor-drop-cap-view-framed .elementor-drop-cap{color:#69727d;border:3px solid;background-color:transparent}.elementor-widget-text-editor:not(.elementor-drop-cap-view-default) .elementor-drop-cap{margin-top:8px}.elementor-widget-text-editor:not(.elementor-drop-cap-view-default) .elementor-drop-cap-letter{width:1em;height:1em}.elementor-widget-text-editor .elementor-drop-cap{float:left;text-align:center;line-height:1;font-size:50px}.elementor-widget-text-editor .elementor-drop-cap-letter{display:inline-block}<\/style>\t\t\t\t<p><strong>ILIRSKA BISTRICA (pwys)<\/strong> Reto Meisels Erfolgsserie in der Berg-EM (sechs Siege plus je ein zweiter und dritter Platz) fand in Slowenien schon am Samstag ein j\u00e4hes Ende. Im zweiten Trainingslauf zum Bergrennen GHD Ilirska Bistrica prallte der EM-Leader bei den Tourenwagen nach einem Verbremser so heftig in die Leitplanken, dass er am Renntag trotz versuchter n\u00e4chtlicher Reparatur auf den Start verzichten musste.<\/p><p>Den Titel in der Gruppe 1 und in der Performancewertung (Scratch \u00fcber alle Gruppen) ist Meisel trotzdem nicht mehr zu nehmen. Hingegen hat der sauschnelle, junge Kroate Matija Jurisic im Peugeot 308 TCR mit einem weiteren Sieg in der Gruppe 4 in Slowenien die Tabellenf\u00fchrung in der Kategorie 1 \u00fcbernommen. Nach dem ersten Lauf lag er noch hinter Norbert Nagy (BMW mit VW-Turbo Motor) und Lukas Bicciato (Hyundai TXR) zur\u00fcck. Die Titelentscheidung f\u00e4llt erst am 20. September in Buzet, dem Heimrennen von Jurisic. Meisel gewann dort im Vorjahr im bew\u00e4hrten Mercedes SLK340.<\/p><p>Den Sieg in der Gruppe 1 und Kat. 1 errang Reinhold Taus im Subaru Impreza P4 in extremis, indem er bei der Wiederholung von RL2 die Reifenstapel der untersten Schikane heftig touchierte und trotzdem Laufbestzeit erzielte. Als Gesamtsiebter war Taus auch schnellster \u00d6sterreicher vor Gruppe-2-Sieger Kevin Raith im Porsche (9.) und dem entfesselten Herbert Perwein im VW Golf Turbo 4&#215;4 (11.).<\/p><p>Der Gesamtsieg in Ilirska Bistrica ging wie zuletzt 2020 an S\u00e9bastien Petit (F) im Nova Proto NP01 Turbo nach \u00f6sterreichischem Reglement vor seinem j\u00fcngeren Bruder Kevin Petit im gleichen Modell nach FIA-Konform, der damit die EM-Wertung f\u00fcr sich entschied. Der Tscheche Petr Trnka wurde Dritter (2. EM) vor dem beeindruckenden P1-Neuling Igor Stefanovski (Nova Proto NP01 Turbo).<\/p><p>Joseba Iraola Lanzagorta (Spanien) schied nach erster klarer Bestzeit in der Gruppe P2 durch ein erst am Vorstart zu Lauf 2 entdecktes Benzinleck aus. So gewann Fausto Bormolini (Italien) im Wolf Mistral Turbo vor &#8222;O&#8217;Play&#8220; im Nova Aprilia. \u201eO\u2019Play\u201c alias Antonino Migliuolo ist damit inoffiziell vorzeitiger Europameister der Kat. 2, nachdem er dies 2025 auf Mitsubishi in der Kat. 1 war. Wir Gratuliere!<br \/><br \/>Text und Fotos von Peter Wyss<\/p>\t\t\t\t\t\t<\/div>\n\t\t\t\t<\/div>\n\t\t\t\t\t<\/div>\n\t\t\t\t<\/div>\n\t\t<div class=\"elementor-element elementor-element-56a43120 e-flex e-con-boxed e-con e-child\" data-id=\"56a43120\" data-element_type=\"container\" data-settings=\"{&quot;container_type&quot;:&quot;flex&quot;,&quot;content_width&quot;:&quot;boxed&quot;}\">\n\t\t\t\t\t<div class=\"e-con-inner\">\n\t\t\t\t<div class=\"elementor-element elementor-element-3ddc58e6 elementor-widget elementor-widget-image\" data-id=\"3ddc58e6\" data-element_type=\"widget\" data-widget_type=\"image.default\">\n\t\t\t\t<div class=\"elementor-widget-container\">\n\t\t\t<style>\/*! elementor - v3.19.0 - 24-01-2024 *\/\n.elementor-widget-image{text-align:center}.elementor-widget-image a{display:inline-block}.elementor-widget-image a img[src$=\".svg\"]{width:48px}.elementor-widget-image img{vertical-align:middle;display:inline-block}<\/style>\t\t\t\t\t\t\t\t\t\t<img fetchpriority=\"high\" decoding=\"async\" width=\"1024\" height=\"683\" src=\"https:\/\/berg-meisterschaft.de\/wp-content\/uploads\/2026\/09\/meisel_mitsu_unfall_bistica_2026_by_wyss-1024x683.jpg\" class=\"attachment-large size-large wp-image-6153\" alt=\"\" srcset=\"https:\/\/berg-meisterschaft.de\/wp-content\/uploads\/2026\/09\/meisel_mitsu_unfall_bistica_2026_by_wyss-1024x683.jpg 1024w, https:\/\/berg-meisterschaft.de\/wp-content\/uploads\/2026\/09\/meisel_mitsu_unfall_bistica_2026_by_wyss-300x200.jpg 300w, https:\/\/berg-meisterschaft.de\/wp-content\/uploads\/2026\/09\/meisel_mitsu_unfall_bistica_2026_by_wyss-768x512.jpg 768w, https:\/\/berg-meisterschaft.de\/wp-content\/uploads\/2026\/09\/meisel_mitsu_unfall_bistica_2026_by_wyss.jpg 1050w\" sizes=\"(max-width: 1024px) 100vw, 1024px\" \/>\t\t\t\t\t\t\t\t\t\t\t\t\t<\/div>\n\t\t\t\t<\/div>\n\t\t\t\t<div class=\"elementor-element elementor-element-3cb8e67 elementor-widget elementor-widget-image\" data-id=\"3cb8e67\" data-element_type=\"widget\" data-widget_type=\"image.default\">\n\t\t\t\t<div class=\"elementor-widget-container\">\n\t\t\t\t\t\t\t\t\t\t\t\t\t<img decoding=\"async\" width=\"1024\" height=\"683\" src=\"https:\/\/berg-meisterschaft.de\/wp-content\/uploads\/2026\/09\/o_play_bistrica_2026_by_wyss-1024x683.jpg\" class=\"attachment-large size-large wp-image-6154\" alt=\"\" srcset=\"https:\/\/berg-meisterschaft.de\/wp-content\/uploads\/2026\/09\/o_play_bistrica_2026_by_wyss-1024x683.jpg 1024w, https:\/\/berg-meisterschaft.de\/wp-content\/uploads\/2026\/09\/o_play_bistrica_2026_by_wyss-300x200.jpg 300w, https:\/\/berg-meisterschaft.de\/wp-content\/uploads\/2026\/09\/o_play_bistrica_2026_by_wyss-768x512.jpg 768w, https:\/\/berg-meisterschaft.de\/wp-content\/uploads\/2026\/09\/o_play_bistrica_2026_by_wyss.jpg 1049w\" sizes=\"(max-width: 1024px) 100vw, 1024px\" \/>\t\t\t\t\t\t\t\t\t\t\t\t\t<\/div>\n\t\t\t\t<\/div>\n\t\t\t\t\t<\/div>\n\t\t\t\t<\/div>\n\t\t\t\t\t<\/div>\n\t\t\t\t<\/div>\n\t\t\t\t<\/div>\n\t\t","protected":false},"excerpt":{"rendered":"<p>Unfallpech f\u00fcr Reto Meisel &#8211; \u201eO\u2019Play\u201c so gut wie Kategorie 2 Meister ILIRSKA BISTRICA (pwys) Reto Meisels Erfolgsserie in der Berg-EM (sechs Siege plus je ein zweiter und dritter Platz) fand in Slowenien schon am Samstag ein j\u00e4hes Ende. Im zweiten Trainingslauf zum Bergrennen GHD Ilirska Bistrica prallte der EM-Leader bei den Tourenwagen nach einem [&hellip;]<\/p>\n","protected":false},"author":2,"featured_media":6154,"comment_status":"closed","ping_status":"closed","sticky":false,"template":"elementor_header_footer","format":"standard","meta":{"footnotes":""},"categories":[8],"tags":[],"class_list":["post-6150","post","type-post","status-publish","format-standard","has-post-thumbnail","hentry","category-berg-dm"],"blocksy_meta":[],"_links":{"self":[{"href":"https:\/\/berg-meisterschaft.de\/index.php?rest_route=\/wp\/v2\/posts\/6150","targetHints":{"allow":["GET"]}}],"collection":[{"href":"https:\/\/berg-meisterschaft.de\/index.php?rest_route=\/wp\/v2\/posts"}],"about":[{"href":"https:\/\/berg-meisterschaft.de\/index.php?rest_route=\/wp\/v2\/types\/post"}],"author":[{"embeddable":true,"href":"https:\/\/berg-meisterschaft.de\/index.php?rest_route=\/wp\/v2\/users\/2"}],"replies":[{"embeddable":true,"href":"https:\/\/berg-meisterschaft.de\/index.php?rest_route=%2Fwp%2Fv2%2Fcomments&post=6150"}],"version-history":[{"count":8,"href":"https:\/\/berg-meisterschaft.de\/index.php?rest_route=\/wp\/v2\/posts\/6150\/revisions"}],"predecessor-version":[{"id":6161,"href":"https:\/\/berg-meisterschaft.de\/index.php?rest_route=\/wp\/v2\/posts\/6150\/revisions\/6161"}],"wp:featuredmedia":[{"embeddable":true,"href":"https:\/\/berg-meisterschaft.de\/index.php?rest_route=\/wp\/v2\/media\/6154"}],"wp:attachment":[{"href":"https:\/\/berg-meisterschaft.de\/index.php?rest_route=%2Fwp%2Fv2%2Fmedia&parent=6150"}],"wp:term":[{"taxonomy":"category","embeddable":true,"href":"https:\/\/berg-meisterschaft.de\/index.php?rest_route=%2Fwp%2Fv2%2Fcategories&post=6150"},{"taxonomy":"post_tag","embeddable":true,"href":"https:\/\/berg-meisterschaft.de\/index.php?rest_route=%2Fwp%2Fv2%2Ftags&post=6150"}],"curies":[{"name":"wp","href":"https:\/\/api.w.org\/{rel}","templated":true}]}}