{"id":6162,"date":"2026-09-01T17:10:38","date_gmt":"2026-09-01T17:10:38","guid":{"rendered":"https:\/\/berg-meisterschaft.de\/?p=6162"},"modified":"2026-09-01T17:16:54","modified_gmt":"2026-09-01T17:16:54","slug":"favoriten-gewinnen-in-turckheim-zajelsnik-nationen-sieger","status":"publish","type":"post","link":"https:\/\/berg-meisterschaft.de\/?p=6162","title":{"rendered":"Favoriten gewinnen in Turckheim &#8211; Zajelsnik Nationen-Sieger"},"content":{"rendered":"\t\t<div data-elementor-type=\"wp-post\" data-elementor-id=\"6162\" class=\"elementor elementor-6162\">\n\t\t\t\t<div class=\"elementor-element elementor-element-2ad468bf e-con-full e-flex e-con e-parent\" data-id=\"2ad468bf\" data-element_type=\"container\" data-settings=\"{&quot;content_width&quot;:&quot;full&quot;,&quot;background_background&quot;:&quot;classic&quot;,&quot;container_type&quot;:&quot;flex&quot;}\" data-e-bg-lazyload=\"\" data-core-v316-plus=\"true\">\n\t\t\t\t<div class=\"elementor-element elementor-element-50008215 elementor-widget elementor-widget-heading\" data-id=\"50008215\" data-element_type=\"widget\" data-widget_type=\"heading.default\">\n\t\t\t\t<div class=\"elementor-widget-container\">\n\t\t\t<style>\/*! elementor - v3.19.0 - 24-01-2024 *\/\n.elementor-heading-title{padding:0;margin:0;line-height:1}.elementor-widget-heading .elementor-heading-title[class*=elementor-size-]>a{color:inherit;font-size:inherit;line-height:inherit}.elementor-widget-heading .elementor-heading-title.elementor-size-small{font-size:15px}.elementor-widget-heading .elementor-heading-title.elementor-size-medium{font-size:19px}.elementor-widget-heading .elementor-heading-title.elementor-size-large{font-size:29px}.elementor-widget-heading .elementor-heading-title.elementor-size-xl{font-size:39px}.elementor-widget-heading .elementor-heading-title.elementor-size-xxl{font-size:59px}<\/style><h2 class=\"elementor-heading-title elementor-size-default\">Favoriten gewinnen in Turckheim - Zajelsnik Nationen-Sieger<\/h2>\t\t<\/div>\n\t\t\t\t<\/div>\n\t\t\t\t<\/div>\n\t\t<div class=\"elementor-element elementor-element-7fa8af00 e-flex e-con-boxed e-con e-parent\" data-id=\"7fa8af00\" data-element_type=\"container\" data-settings=\"{&quot;container_type&quot;:&quot;flex&quot;,&quot;content_width&quot;:&quot;boxed&quot;}\" data-core-v316-plus=\"true\">\n\t\t\t\t\t<div class=\"e-con-inner\">\n\t\t<div class=\"elementor-element elementor-element-14d82ca9 e-flex e-con-boxed e-con e-child\" data-id=\"14d82ca9\" data-element_type=\"container\" data-settings=\"{&quot;container_type&quot;:&quot;flex&quot;,&quot;content_width&quot;:&quot;boxed&quot;}\">\n\t\t\t\t\t<div class=\"e-con-inner\">\n\t\t\t\t<div class=\"elementor-element elementor-element-15d602c9 elementor-widget elementor-widget-text-editor\" data-id=\"15d602c9\" data-element_type=\"widget\" data-widget_type=\"text-editor.default\">\n\t\t\t\t<div class=\"elementor-widget-container\">\n\t\t\t<style>\/*! elementor - v3.19.0 - 24-01-2024 *\/\n.elementor-widget-text-editor.elementor-drop-cap-view-stacked .elementor-drop-cap{background-color:#69727d;color:#fff}.elementor-widget-text-editor.elementor-drop-cap-view-framed .elementor-drop-cap{color:#69727d;border:3px solid;background-color:transparent}.elementor-widget-text-editor:not(.elementor-drop-cap-view-default) .elementor-drop-cap{margin-top:8px}.elementor-widget-text-editor:not(.elementor-drop-cap-view-default) .elementor-drop-cap-letter{width:1em;height:1em}.elementor-widget-text-editor .elementor-drop-cap{float:left;text-align:center;line-height:1;font-size:50px}.elementor-widget-text-editor .elementor-drop-cap-letter{display:inline-block}<\/style>\t\t\t\t<p><strong>TURCKHEIM (red)<\/strong> Marc Pernot und Nicolas Werver haben sich am vergangenen, letzten Augustwochenende, in die Liste der Gewinner des 70. Turckheim \u2013 3 Epis Bergrennens (Frankreich)eingetragen und jeweils die Kategorien \u201eSport\u201c bzw.\u201c Produktion\u201c gewonnen.<br \/><br \/>Marc Pernot konnte sich erstmals in die Siegerliste des els\u00e4ssischen Rennens eintragen und verwies Maxime Dojat und Corentin Starck (Belgien) auf die Pl\u00e4tze (alle Nova Proto NP01 Turbo). Nicolas Werver \u00fcberlie\u00df auf seiner Heimstrecke im Elsass niemandem etwas und sicherte sich einen unbestrittenen Sieg bei den Tourenwagen. Der achtfache franz\u00f6sische Bergmeister der Produktionswagen fuhr seinen Porsche 997 GT3R zum Sieg, vor Anthony Dubois im Alpine A110 und Jean-Fran\u00e7ois Ganevat im Renault RS 01.<br \/><br \/>In der \u201eTroph\u00e4e der Nationen\u201c, worin sich auch die Luxemburger Bergmeisterschaft wiederfand, siegte klar der Feiburger Patrik Zajelsnik im Nova Proto NP01 EMAP Turbo, vor den beiden jungen Luxemburgern Dany Demuth (Norma M20 FC Judd V8) und Canio Marchione im franz\u00f6sischen Revolt 3P0 Turbo. Der \u00d6sterreicher Tobias Santer, war hier schnellster Tourenwagen-Pilot im VW Minichberger Golf 16V.<\/p>\t\t\t\t\t\t<\/div>\n\t\t\t\t<\/div>\n\t\t\t\t\t<\/div>\n\t\t\t\t<\/div>\n\t\t<div class=\"elementor-element elementor-element-6d0abbb8 e-flex e-con-boxed e-con e-child\" data-id=\"6d0abbb8\" data-element_type=\"container\" data-settings=\"{&quot;container_type&quot;:&quot;flex&quot;,&quot;content_width&quot;:&quot;boxed&quot;}\">\n\t\t\t\t\t<div class=\"e-con-inner\">\n\t\t\t\t<div class=\"elementor-element elementor-element-a4f2977 elementor-widget elementor-widget-video\" data-id=\"a4f2977\" data-element_type=\"widget\" data-settings=\"{&quot;youtube_url&quot;:&quot;https:\\\/\\\/youtu.be\\\/hmSX3gpv0RM?si=CUjNJeKxq5p7KTli&quot;,&quot;video_type&quot;:&quot;youtube&quot;,&quot;controls&quot;:&quot;yes&quot;}\" data-widget_type=\"video.default\">\n\t\t\t\t<div class=\"elementor-widget-container\">\n\t\t\t<style>\/*! elementor - v3.19.0 - 24-01-2024 *\/\n.elementor-widget-video .elementor-widget-container{overflow:hidden;transform:translateZ(0)}.elementor-widget-video .elementor-wrapper{aspect-ratio:var(--video-aspect-ratio)}.elementor-widget-video .elementor-wrapper iframe,.elementor-widget-video .elementor-wrapper video{height:100%;width:100%;display:flex;border:none;background-color:#000}@supports not (aspect-ratio:1\/1){.elementor-widget-video .elementor-wrapper{position:relative;overflow:hidden;height:0;padding-bottom:calc(100% \/ var(--video-aspect-ratio))}.elementor-widget-video .elementor-wrapper iframe,.elementor-widget-video .elementor-wrapper video{position:absolute;top:0;right:0;bottom:0;left:0}}.elementor-widget-video .elementor-open-inline .elementor-custom-embed-image-overlay{position:absolute;top:0;right:0;bottom:0;left:0;background-size:cover;background-position:50%}.elementor-widget-video .elementor-custom-embed-image-overlay{cursor:pointer;text-align:center}.elementor-widget-video .elementor-custom-embed-image-overlay:hover .elementor-custom-embed-play i{opacity:1}.elementor-widget-video .elementor-custom-embed-image-overlay img{display:block;width:100%;aspect-ratio:var(--video-aspect-ratio);-o-object-fit:cover;object-fit:cover;-o-object-position:center center;object-position:center center}@supports not (aspect-ratio:1\/1){.elementor-widget-video .elementor-custom-embed-image-overlay{position:relative;overflow:hidden;height:0;padding-bottom:calc(100% \/ var(--video-aspect-ratio))}.elementor-widget-video .elementor-custom-embed-image-overlay img{position:absolute;top:0;right:0;bottom:0;left:0}}.elementor-widget-video .e-hosted-video .elementor-video{-o-object-fit:cover;object-fit:cover}.e-con-inner>.elementor-widget-video,.e-con>.elementor-widget-video{width:var(--container-widget-width);--flex-grow:var(--container-widget-flex-grow)}<\/style>\t\t<div class=\"elementor-wrapper elementor-open-inline\">\n\t\t\t<div class=\"elementor-video\"><\/div>\t\t<\/div>\n\t\t\t\t<\/div>\n\t\t\t\t<\/div>\n\t\t\t\t<div class=\"elementor-element elementor-element-4b014b2 elementor-widget elementor-widget-video\" data-id=\"4b014b2\" data-element_type=\"widget\" data-settings=\"{&quot;youtube_url&quot;:&quot;https:\\\/\\\/youtu.be\\\/WzvQB4A9DSY?si=uAI3kBqaun3tWUEi&quot;,&quot;video_type&quot;:&quot;youtube&quot;,&quot;controls&quot;:&quot;yes&quot;}\" data-widget_type=\"video.default\">\n\t\t\t\t<div class=\"elementor-widget-container\">\n\t\t\t\t\t<div class=\"elementor-wrapper elementor-open-inline\">\n\t\t\t<div class=\"elementor-video\"><\/div>\t\t<\/div>\n\t\t\t\t<\/div>\n\t\t\t\t<\/div>\n\t\t\t\t\t<\/div>\n\t\t\t\t<\/div>\n\t\t\t\t\t<\/div>\n\t\t\t\t<\/div>\n\t\t\t\t<\/div>\n\t\t","protected":false},"excerpt":{"rendered":"<p>Favoriten gewinnen in Turckheim &#8211; Zajelsnik Nationen-Sieger TURCKHEIM (red) Marc Pernot und Nicolas Werver haben sich am vergangenen, letzten Augustwochenende, in die Liste der Gewinner des 70. Turckheim \u2013 3 Epis Bergrennens (Frankreich)eingetragen und jeweils die Kategorien \u201eSport\u201c bzw.\u201c Produktion\u201c gewonnen. Marc Pernot konnte sich erstmals in die Siegerliste des els\u00e4ssischen Rennens eintragen und verwies [&hellip;]<\/p>\n","protected":false},"author":2,"featured_media":6168,"comment_status":"closed","ping_status":"closed","sticky":false,"template":"elementor_header_footer","format":"standard","meta":{"footnotes":""},"categories":[9],"tags":[],"class_list":["post-6162","post","type-post","status-publish","format-standard","has-post-thumbnail","hentry","category-mehr-bergrennen"],"blocksy_meta":[],"_links":{"self":[{"href":"https:\/\/berg-meisterschaft.de\/index.php?rest_route=\/wp\/v2\/posts\/6162","targetHints":{"allow":["GET"]}}],"collection":[{"href":"https:\/\/berg-meisterschaft.de\/index.php?rest_route=\/wp\/v2\/posts"}],"about":[{"href":"https:\/\/berg-meisterschaft.de\/index.php?rest_route=\/wp\/v2\/types\/post"}],"author":[{"embeddable":true,"href":"https:\/\/berg-meisterschaft.de\/index.php?rest_route=\/wp\/v2\/users\/2"}],"replies":[{"embeddable":true,"href":"https:\/\/berg-meisterschaft.de\/index.php?rest_route=%2Fwp%2Fv2%2Fcomments&post=6162"}],"version-history":[{"count":5,"href":"https:\/\/berg-meisterschaft.de\/index.php?rest_route=\/wp\/v2\/posts\/6162\/revisions"}],"predecessor-version":[{"id":6169,"href":"https:\/\/berg-meisterschaft.de\/index.php?rest_route=\/wp\/v2\/posts\/6162\/revisions\/6169"}],"wp:featuredmedia":[{"embeddable":true,"href":"https:\/\/berg-meisterschaft.de\/index.php?rest_route=\/wp\/v2\/media\/6168"}],"wp:attachment":[{"href":"https:\/\/berg-meisterschaft.de\/index.php?rest_route=%2Fwp%2Fv2%2Fmedia&parent=6162"}],"wp:term":[{"taxonomy":"category","embeddable":true,"href":"https:\/\/berg-meisterschaft.de\/index.php?rest_route=%2Fwp%2Fv2%2Fcategories&post=6162"},{"taxonomy":"post_tag","embeddable":true,"href":"https:\/\/berg-meisterschaft.de\/index.php?rest_route=%2Fwp%2Fv2%2Ftags&post=6162"}],"curies":[{"name":"wp","href":"https:\/\/api.w.org\/{rel}","templated":true}]}}