{"id":6170,"date":"2026-09-05T08:46:44","date_gmt":"2026-09-05T08:46:44","guid":{"rendered":"https:\/\/berg-meisterschaft.de\/?p=6170"},"modified":"2026-09-05T08:48:58","modified_gmt":"2026-09-05T08:48:58","slug":"bergrennen-eichenbuehl-spannung-im-dbm-titelkampf-2026-steigt","status":"publish","type":"post","link":"https:\/\/berg-meisterschaft.de\/?p=6170","title":{"rendered":"Bergrennen Eichenb\u00fchl : Spannung im DBM-Titelkampf 2026 steigt"},"content":{"rendered":"\t\t<div data-elementor-type=\"wp-post\" data-elementor-id=\"6170\" class=\"elementor elementor-6170\">\n\t\t\t\t<div class=\"elementor-element elementor-element-3c94582 e-con-full e-flex e-con e-parent\" data-id=\"3c94582\" data-element_type=\"container\" data-settings=\"{&quot;content_width&quot;:&quot;full&quot;,&quot;background_background&quot;:&quot;classic&quot;,&quot;container_type&quot;:&quot;flex&quot;}\" data-e-bg-lazyload=\"\" data-core-v316-plus=\"true\">\n\t\t\t\t<div class=\"elementor-element elementor-element-657bb28a elementor-widget elementor-widget-heading\" data-id=\"657bb28a\" data-element_type=\"widget\" data-widget_type=\"heading.default\">\n\t\t\t\t<div class=\"elementor-widget-container\">\n\t\t\t<style>\/*! elementor - v3.19.0 - 24-01-2024 *\/\n.elementor-heading-title{padding:0;margin:0;line-height:1}.elementor-widget-heading .elementor-heading-title[class*=elementor-size-]>a{color:inherit;font-size:inherit;line-height:inherit}.elementor-widget-heading .elementor-heading-title.elementor-size-small{font-size:15px}.elementor-widget-heading .elementor-heading-title.elementor-size-medium{font-size:19px}.elementor-widget-heading .elementor-heading-title.elementor-size-large{font-size:29px}.elementor-widget-heading .elementor-heading-title.elementor-size-xl{font-size:39px}.elementor-widget-heading .elementor-heading-title.elementor-size-xxl{font-size:59px}<\/style><h2 class=\"elementor-heading-title elementor-size-default\">Bergrennen Eichenb\u00fchl : Spannung im DBM-Titelkampf 2026 steigt<\/h2>\t\t<\/div>\n\t\t\t\t<\/div>\n\t\t\t\t<\/div>\n\t\t<div class=\"elementor-element elementor-element-679b4f2 e-flex e-con-boxed e-con e-parent\" data-id=\"679b4f2\" data-element_type=\"container\" data-settings=\"{&quot;container_type&quot;:&quot;flex&quot;,&quot;content_width&quot;:&quot;boxed&quot;}\" data-core-v316-plus=\"true\">\n\t\t\t\t\t<div class=\"e-con-inner\">\n\t\t<div class=\"elementor-element elementor-element-3f7249a7 e-flex e-con-boxed e-con e-child\" data-id=\"3f7249a7\" data-element_type=\"container\" data-settings=\"{&quot;container_type&quot;:&quot;flex&quot;,&quot;content_width&quot;:&quot;boxed&quot;}\">\n\t\t\t\t\t<div class=\"e-con-inner\">\n\t\t\t\t<div class=\"elementor-element elementor-element-186544a3 elementor-widget elementor-widget-text-editor\" data-id=\"186544a3\" data-element_type=\"widget\" data-widget_type=\"text-editor.default\">\n\t\t\t\t<div class=\"elementor-widget-container\">\n\t\t\t<style>\/*! elementor - v3.19.0 - 24-01-2024 *\/\n.elementor-widget-text-editor.elementor-drop-cap-view-stacked .elementor-drop-cap{background-color:#69727d;color:#fff}.elementor-widget-text-editor.elementor-drop-cap-view-framed .elementor-drop-cap{color:#69727d;border:3px solid;background-color:transparent}.elementor-widget-text-editor:not(.elementor-drop-cap-view-default) .elementor-drop-cap{margin-top:8px}.elementor-widget-text-editor:not(.elementor-drop-cap-view-default) .elementor-drop-cap-letter{width:1em;height:1em}.elementor-widget-text-editor .elementor-drop-cap{float:left;text-align:center;line-height:1;font-size:50px}.elementor-widget-text-editor .elementor-drop-cap-letter{display:inline-block}<\/style>\t\t\t\t<p><strong>EICHENB\u00dcHL (red)<\/strong> Eichenb\u00fchl steht am Wochenende des 11.\/12. September ganz im Zeichen des Bergrennsports. Beim traditionsreichen Bergrennen Eichenb\u00fchl treffen die Spitzenfahrer der Deutschen Berg-Meisterschaft aufeinander. F\u00fcr die Titelkandidaten geht es dabei um wichtige Punkte \u2013 denn sowohl bei den Rennsportfahrzeugen als auch bei den Tourenwagen ist die Meisterschaft ausgesprochen eng.<br \/><br \/><strong>Voss gegen Noll \u2013 Kopf-an-Kopf-Rennen bei den Rennsportfahrzeugen<\/strong><br \/><br \/>Besonders spannend pr\u00e4sentiert sich die Ausgangslage in der Deutschen Berg-Meisterschaft der Rennsport-Fahrzeuge. Vor dem Rennen f\u00fchrt Bastian Voss das Klassement mit 146,5 Punkten an. Doch sein Vorsprung ist denkbar knapp: Nur 3,5 Punkte dahinter lauert Benjamin Noll, der mit 143 Z\u00e4hlern unmittelbar auf seine Chance wartet, aber meist weniger Starter in seiner Klasse hat. Was ein Nachteil ist. Auf Rang drei folgt der Niedersachse Marco Lorig mit 124,4 Punkten. Auch wenn der R\u00fcckstand auf die beiden F\u00fchrenden bereits gr\u00f6\u00dfer ist, k\u00f6nnte Lorig mit einem starken Auftritt in Eichenb\u00fchl noch einmal f\u00fcr Bewegung an der Spitze sorgen.<br \/><br \/>Damit ist klar: Jeder Lauf, jeder Punkt und m\u00f6glicherweise sogar jede Zehntelsekunde kann im Kampf um die Meisterschaft entscheidend sein. Voss reist zwar als Tabellenf\u00fchrer nach Eichenb\u00fchl, kann sich angesichts des geringen Vorsprungs aber keineswegs zur\u00fccklehnen. Noll hat den Spitzenreiter unmittelbar vor sich und wird alles daransetzen, die Tabellenf\u00fchrung zu \u00fcbernehmen.<br \/><br \/><strong>Br\u00fcgge und Hofmann liefern sich Duell bei den Tourenwagen<\/strong><br \/><br \/>Noch enger geht es in der Deutschen Berg-Meisterschaft der Tourenwagen zu. Hier trennen die beiden Erstplatzierten gerade einmal drei Punkte, vor den verbleibenden zwei Rennwochenenden. Fabian Br\u00fcgge (BMW E36) f\u00fchrt die Meisterschaft aktuell mit 176 Punkten an. Direkt dahinter folgt Jannik Hofmann (NSU TT) mit 173 Punkten. Auf Platz drei liegt der Mittelhesse Jens Weber (Opel Kadett C), der mit 165 Z\u00e4hlern ebenfalls noch in Schlagdistanz zur Spitze liegt. F\u00fcr Br\u00fcgge und Hofmann d\u00fcrfte Eichenb\u00fchl damit zu einem echten Schl\u00fcsselrennen werden. Der Tabellenf\u00fchrer m\u00f6chte seinen knappen Vorsprung verteidigen, w\u00e4hrend Hofmann die Gelegenheit nutzen kann, mit einem gewohnt starken Ergebnis im NSU Bergpokal die Spitze zu \u00fcbernehmen. So k\u00f6nnte erstmals seit 1974 wieder ein NSU-Fahrer Deutscher Bergmeister werden. Vor 52 Jahren war es Willi Bergmeister, der f\u00fcr die l\u00e4ngst untergegangene Automobilmarke NSU erfolgreich war. Auch Weber darf sich noch Hoffnungen machen, bei entsprechender Ausbeute in seiner Klasse, Boden gutzumachen.<br \/><br \/><strong>Eichenb\u00fchl als wichtige Station im Titelkampf<\/strong><br \/><br \/>Das Bergrennen Eichenb\u00fchl kommt damit zu einem besonders spannenden Zeitpunkt der Saison. Die Meisterschaftstabellen versprechen in beiden Kategorien enge Duelle und machen deutlich, wie wertvoll jeder einzelne Punkt ist. W\u00e4hrend an der Spitze der Rennsportfahrzeuge Bastian Voss und Benjamin Noll um die Vorherrschaft k\u00e4mpfen, zeichnet sich bei den Tourenwagen ein ebenso packendes, klassen\u00fcbergreifendes \u00a0Duell zwischen Fabian Br\u00fcgge und Jannik Hofmann ab. Dahinter lauern mit Marco Lorig und Jens Weber zwei Fahrer, die den Kampf um die Spitzenpl\u00e4tze zus\u00e4tzlich beleben k\u00f6nnen.<br \/><br \/>F\u00fcr die Zuschauer bedeutet das beste Voraussetzungen f\u00fcr ein hochspannendes Rennwochenende: starke Fahrer, spektakul\u00e4rer Bergrennsport und Meisterschaftsk\u00e4mpfe, bei denen es um jeden Punkt geht. In Eichenb\u00fchl werden die Karten neu gemischt \u2013 und sp\u00e4testens nach dem Zieleinlauf wird sich zeigen, wer seine Ausgangsposition vor dem Finale im Kampf um die Deutsche Berg-Meisterschaft verbessern konnte.<\/p>\t\t\t\t\t\t<\/div>\n\t\t\t\t<\/div>\n\t\t\t\t\t<\/div>\n\t\t\t\t<\/div>\n\t\t<div class=\"elementor-element elementor-element-22f1cc87 e-flex e-con-boxed e-con e-child\" data-id=\"22f1cc87\" data-element_type=\"container\" data-settings=\"{&quot;container_type&quot;:&quot;flex&quot;,&quot;content_width&quot;:&quot;boxed&quot;}\">\n\t\t\t\t\t<div class=\"e-con-inner\">\n\t\t\t\t<div class=\"elementor-element elementor-element-233023f8 elementor-widget elementor-widget-image\" data-id=\"233023f8\" data-element_type=\"widget\" data-widget_type=\"image.default\">\n\t\t\t\t<div class=\"elementor-widget-container\">\n\t\t\t<style>\/*! elementor - v3.19.0 - 24-01-2024 *\/\n.elementor-widget-image{text-align:center}.elementor-widget-image a{display:inline-block}.elementor-widget-image a img[src$=\".svg\"]{width:48px}.elementor-widget-image img{vertical-align:middle;display:inline-block}<\/style>\t\t\t\t\t\t\t\t\t\t<img fetchpriority=\"high\" decoding=\"async\" width=\"1024\" height=\"683\" src=\"https:\/\/berg-meisterschaft.de\/wp-content\/uploads\/2026\/09\/voss_bastian_osnabrueck_2026_6138-1024x683.jpg\" class=\"attachment-large size-large wp-image-6172\" alt=\"\" srcset=\"https:\/\/berg-meisterschaft.de\/wp-content\/uploads\/2026\/09\/voss_bastian_osnabrueck_2026_6138-1024x683.jpg 1024w, https:\/\/berg-meisterschaft.de\/wp-content\/uploads\/2026\/09\/voss_bastian_osnabrueck_2026_6138-300x200.jpg 300w, https:\/\/berg-meisterschaft.de\/wp-content\/uploads\/2026\/09\/voss_bastian_osnabrueck_2026_6138-768x512.jpg 768w, https:\/\/berg-meisterschaft.de\/wp-content\/uploads\/2026\/09\/voss_bastian_osnabrueck_2026_6138.jpg 1050w\" sizes=\"(max-width: 1024px) 100vw, 1024px\" \/>\t\t\t\t\t\t\t\t\t\t\t\t\t<\/div>\n\t\t\t\t<\/div>\n\t\t\t\t<div class=\"elementor-element elementor-element-4e1cb4c elementor-widget elementor-widget-image\" data-id=\"4e1cb4c\" data-element_type=\"widget\" data-widget_type=\"image.default\">\n\t\t\t\t<div class=\"elementor-widget-container\">\n\t\t\t\t\t\t\t\t\t\t\t\t\t<img decoding=\"async\" width=\"1024\" height=\"683\" src=\"https:\/\/berg-meisterschaft.de\/wp-content\/uploads\/2026\/07\/noll_hauenstein_2026_by_hess-1024x683.jpg\" class=\"attachment-large size-large wp-image-6082\" alt=\"\" srcset=\"https:\/\/berg-meisterschaft.de\/wp-content\/uploads\/2026\/07\/noll_hauenstein_2026_by_hess-1024x683.jpg 1024w, https:\/\/berg-meisterschaft.de\/wp-content\/uploads\/2026\/07\/noll_hauenstein_2026_by_hess-300x200.jpg 300w, https:\/\/berg-meisterschaft.de\/wp-content\/uploads\/2026\/07\/noll_hauenstein_2026_by_hess-768x512.jpg 768w, https:\/\/berg-meisterschaft.de\/wp-content\/uploads\/2026\/07\/noll_hauenstein_2026_by_hess.jpg 1050w\" sizes=\"(max-width: 1024px) 100vw, 1024px\" \/>\t\t\t\t\t\t\t\t\t\t\t\t\t<\/div>\n\t\t\t\t<\/div>\n\t\t\t\t<div class=\"elementor-element elementor-element-4ef287d elementor-widget elementor-widget-image\" data-id=\"4ef287d\" data-element_type=\"widget\" data-widget_type=\"image.default\">\n\t\t\t\t<div class=\"elementor-widget-container\">\n\t\t\t\t\t\t\t\t\t\t\t\t\t<img decoding=\"async\" width=\"1024\" height=\"683\" src=\"https:\/\/berg-meisterschaft.de\/wp-content\/uploads\/2026\/09\/bruegge_eschdorf_2026_8038-1024x683.jpg\" class=\"attachment-large size-large wp-image-6173\" alt=\"\" srcset=\"https:\/\/berg-meisterschaft.de\/wp-content\/uploads\/2026\/09\/bruegge_eschdorf_2026_8038-1024x683.jpg 1024w, https:\/\/berg-meisterschaft.de\/wp-content\/uploads\/2026\/09\/bruegge_eschdorf_2026_8038-300x200.jpg 300w, https:\/\/berg-meisterschaft.de\/wp-content\/uploads\/2026\/09\/bruegge_eschdorf_2026_8038-768x512.jpg 768w, https:\/\/berg-meisterschaft.de\/wp-content\/uploads\/2026\/09\/bruegge_eschdorf_2026_8038.jpg 1050w\" sizes=\"(max-width: 1024px) 100vw, 1024px\" \/>\t\t\t\t\t\t\t\t\t\t\t\t\t<\/div>\n\t\t\t\t<\/div>\n\t\t\t\t<div class=\"elementor-element elementor-element-cc292ce elementor-widget elementor-widget-image\" data-id=\"cc292ce\" data-element_type=\"widget\" data-widget_type=\"image.default\">\n\t\t\t\t<div class=\"elementor-widget-container\">\n\t\t\t\t\t\t\t\t\t\t\t\t\t<img loading=\"lazy\" decoding=\"async\" width=\"1024\" height=\"683\" src=\"https:\/\/berg-meisterschaft.de\/wp-content\/uploads\/2026\/09\/hofmannj_eschdorf_2026_8010-1024x683.jpg\" class=\"attachment-large size-large wp-image-6174\" alt=\"\" srcset=\"https:\/\/berg-meisterschaft.de\/wp-content\/uploads\/2026\/09\/hofmannj_eschdorf_2026_8010-1024x683.jpg 1024w, https:\/\/berg-meisterschaft.de\/wp-content\/uploads\/2026\/09\/hofmannj_eschdorf_2026_8010-300x200.jpg 300w, https:\/\/berg-meisterschaft.de\/wp-content\/uploads\/2026\/09\/hofmannj_eschdorf_2026_8010-768x512.jpg 768w, https:\/\/berg-meisterschaft.de\/wp-content\/uploads\/2026\/09\/hofmannj_eschdorf_2026_8010.jpg 1050w\" sizes=\"(max-width: 1024px) 100vw, 1024px\" \/>\t\t\t\t\t\t\t\t\t\t\t\t\t<\/div>\n\t\t\t\t<\/div>\n\t\t\t\t\t<\/div>\n\t\t\t\t<\/div>\n\t\t\t\t\t<\/div>\n\t\t\t\t<\/div>\n\t\t<div class=\"elementor-element elementor-element-42d27f40 e-flex e-con-boxed e-con e-parent\" data-id=\"42d27f40\" data-element_type=\"container\" data-settings=\"{&quot;container_type&quot;:&quot;flex&quot;,&quot;content_width&quot;:&quot;boxed&quot;}\" data-core-v316-plus=\"true\">\n\t\t\t\t\t<div class=\"e-con-inner\">\n\t\t\t\t<div class=\"elementor-element elementor-element-3f5783a5 elementor-widget elementor-widget-image\" data-id=\"3f5783a5\" data-element_type=\"widget\" data-widget_type=\"image.default\">\n\t\t\t\t<div class=\"elementor-widget-container\">\n\t\t\t\t\t\t\t\t\t\t\t\t\t\t<a href=\"http:\/\/www.hoosier-rennreifen.de\">\n\t\t\t\t\t\t\t<img loading=\"lazy\" decoding=\"async\" width=\"1024\" height=\"195\" src=\"https:\/\/berg-meisterschaft.de\/wp-content\/uploads\/2024\/04\/hoosier_banner_2024_ohne-1024x195.jpg\" class=\"attachment-large size-large wp-image-3247\" alt=\"\" srcset=\"https:\/\/berg-meisterschaft.de\/wp-content\/uploads\/2024\/04\/hoosier_banner_2024_ohne-1024x195.jpg 1024w, https:\/\/berg-meisterschaft.de\/wp-content\/uploads\/2024\/04\/hoosier_banner_2024_ohne-300x57.jpg 300w, https:\/\/berg-meisterschaft.de\/wp-content\/uploads\/2024\/04\/hoosier_banner_2024_ohne-768x146.jpg 768w, https:\/\/berg-meisterschaft.de\/wp-content\/uploads\/2024\/04\/hoosier_banner_2024_ohne.jpg 1050w\" sizes=\"(max-width: 1024px) 100vw, 1024px\" \/>\t\t\t\t\t\t\t\t<\/a>\n\t\t\t\t\t\t\t\t\t\t\t\t\t<\/div>\n\t\t\t\t<\/div>\n\t\t\t\t\t<\/div>\n\t\t\t\t<\/div>\n\t\t\t\t<\/div>\n\t\t","protected":false},"excerpt":{"rendered":"<p>Bergrennen Eichenb\u00fchl : Spannung im DBM-Titelkampf 2026 steigt EICHENB\u00dcHL (red) Eichenb\u00fchl steht am Wochenende des 11.\/12. September ganz im Zeichen des Bergrennsports. Beim traditionsreichen Bergrennen Eichenb\u00fchl treffen die Spitzenfahrer der Deutschen Berg-Meisterschaft aufeinander. F\u00fcr die Titelkandidaten geht es dabei um wichtige Punkte \u2013 denn sowohl bei den Rennsportfahrzeugen als auch bei den Tourenwagen ist die [&hellip;]<\/p>\n","protected":false},"author":2,"featured_media":6172,"comment_status":"closed","ping_status":"closed","sticky":false,"template":"elementor_header_footer","format":"standard","meta":{"footnotes":""},"categories":[8],"tags":[],"class_list":["post-6170","post","type-post","status-publish","format-standard","has-post-thumbnail","hentry","category-berg-dm"],"blocksy_meta":[],"_links":{"self":[{"href":"https:\/\/berg-meisterschaft.de\/index.php?rest_route=\/wp\/v2\/posts\/6170","targetHints":{"allow":["GET"]}}],"collection":[{"href":"https:\/\/berg-meisterschaft.de\/index.php?rest_route=\/wp\/v2\/posts"}],"about":[{"href":"https:\/\/berg-meisterschaft.de\/index.php?rest_route=\/wp\/v2\/types\/post"}],"author":[{"embeddable":true,"href":"https:\/\/berg-meisterschaft.de\/index.php?rest_route=\/wp\/v2\/users\/2"}],"replies":[{"embeddable":true,"href":"https:\/\/berg-meisterschaft.de\/index.php?rest_route=%2Fwp%2Fv2%2Fcomments&post=6170"}],"version-history":[{"count":5,"href":"https:\/\/berg-meisterschaft.de\/index.php?rest_route=\/wp\/v2\/posts\/6170\/revisions"}],"predecessor-version":[{"id":6178,"href":"https:\/\/berg-meisterschaft.de\/index.php?rest_route=\/wp\/v2\/posts\/6170\/revisions\/6178"}],"wp:featuredmedia":[{"embeddable":true,"href":"https:\/\/berg-meisterschaft.de\/index.php?rest_route=\/wp\/v2\/media\/6172"}],"wp:attachment":[{"href":"https:\/\/berg-meisterschaft.de\/index.php?rest_route=%2Fwp%2Fv2%2Fmedia&parent=6170"}],"wp:term":[{"taxonomy":"category","embeddable":true,"href":"https:\/\/berg-meisterschaft.de\/index.php?rest_route=%2Fwp%2Fv2%2Fcategories&post=6170"},{"taxonomy":"post_tag","embeddable":true,"href":"https:\/\/berg-meisterschaft.de\/index.php?rest_route=%2Fwp%2Fv2%2Ftags&post=6170"}],"curies":[{"name":"wp","href":"https:\/\/api.w.org\/{rel}","templated":true}]}}